{"id":12609,"date":"2020-05-20T09:14:27","date_gmt":"2020-05-20T14:14:27","guid":{"rendered":"http:\/\/www.zonaroja.com.mx\/?p=12609"},"modified":"2020-05-20T09:14:30","modified_gmt":"2020-05-20T14:14:30","slug":"exigen-maestros-de-s-22-pago-pendientes-acusan-doble-discurso-de-autoridades","status":"publish","type":"post","link":"https:\/\/zonaroja.com.mx\/?p=12609","title":{"rendered":"Exigen maestros de S-22 pago pendientes; acusan doble discurso de autoridades"},"content":{"rendered":"\n<p>Evlin\nArag\u00f3n\/Zona Roja.<\/p>\n\n\n\n<p>Oaxaca de\nJu\u00e1rez, Oax., 20 de mayo de 2020.- Trabajadores al servicio de la educaci\u00f3n, afiliados\na la Secci\u00f3n 22 del Sindicato Nacional de Trabajadores de la Educaci\u00f3n (SNTE),\nexigieron de nuevo a la dirigencia de la gremial encabezada por Eloy L\u00f3pez\nHernandez, darle formalidad a la fecha de pago de todas las incidencias\npendientes desde el a\u00f1o 2015.<\/p>\n\n\n\n<p>A trav\u00e9s\nde un documento, demandan al Comit\u00e9 Ejecutivo Seccional establecer de una vez\npor todas fechas espec\u00edficas para recibir los pagos correspondientes a las\nincidencias que se vienen a arrastrando desde hace cinco a\u00f1os sin que se resuelvan\ndel todo por parte de las autoridades.<\/p>\n\n\n\n<p>En este\nsentido descartaron todo intento de parcializar el universo de los casos de\nincidencias, ya que aseguran las autoridades pretenden pagar \u00fanicamente a\ndeterminado grupo de compa\u00f1eros, a pesar de que la documentaci\u00f3n solicitada se\nha entregado en cinco ocasiones.<\/p>\n\n\n\n<p>Cuestionaron\nel actuar del Instituto Estatal de Educaci\u00f3n de Oaxaca (IEEPO), cuyas\nautoridades han prometido en reiteradas ocasiones soluci\u00f3n respecto a los pagos\ny dem\u00e1s incidencias, asegurando que saldr\u00e1n en la pr\u00f3xima quincena, sin embargo,\nhasta la fecha no se han concretado.<\/p>\n\n\n\n<p>Por el\ncontrario, \u201cse han dedicado a bombardear con informaci\u00f3n falsa en torno a que\nel gobierno de Oaxaca ha gestionado cuantiosas cantidades de dinero para realizar\nlos pagos\u201d, anticip\u00e1ndose a cualquier a cualquier movilizaci\u00f3n que pretendan\nimplementar.<\/p>\n\n\n\n<p>\u201cEsa\ninformaci\u00f3n no se ve reflejada en los bolsillos de los compa\u00f1eros que llevamos\ndesde 2015 la esperanza de obtener soluci\u00f3n a todos los casos de incidencias que\ngener\u00f3 la mal llamada Reforma Educativa de Enrique Pe\u00f1a Nieto\u201d, refieren en el\ndocumento.<\/p>\n\n\n\n<p>En este\nsentido y como militantes activos del Movimiento Democr\u00e1tico de los\nTrabajadores de la Educaci\u00f3n de Oaxaca (MDTEO), exigieron la intervenci\u00f3n de la\ndirigencia magisterial para que los pagos retroactivos se calendaricen de\nmanera inmediata.<\/p>\n\n\n\n<p>Lo\nanterior toda vez que se han mantenido frente a grupo de forma ininterrumpida,\nhasta antes de la contingencia sanitaria, sin recibir sus pagos atrasados y con\nla promesa de verlos consolidados como un acto de justicia ante las agresiones\nde las fueron v\u00edctimas luego del \u201cdecretazo\u201d que protagoniz\u00f3 Gabino Cu\u00e9 en\nmateria educativa.<\/p>\n\n\n\n<p>Finalmente,\naseguraron que se reservan su derecho a organizarse y accionar, rompiendo cualquier\ntemor a la inmovilidad de los trabajadores a luchar por sus derechos. \u201cMiente,\nmiente, quien dice que ya nos regularizaron, los casos de incidencias, ni un\nm\u00edsero peso se ha cobrado\u201d, concluyeron.<\/p>\n","protected":false},"excerpt":{"rendered":"<p>Evlin Arag\u00f3n\/Zona Roja. Oaxaca de Ju\u00e1rez, Oax., 20 de mayo de 2020.- Trabajadores al servicio&hellip;<\/p>\n","protected":false},"author":2,"featured_media":12610,"comment_status":"closed","ping_status":"open","sticky":false,"template":"","format":"standard","meta":{"_lmt_disableupdate":"","_lmt_disable":"","_jetpack_memberships_contains_paid_content":false,"footnotes":""},"categories":[109,47],"tags":[599,312],"class_list":["post-12609","post","type-post","status-publish","format-standard","has-post-thumbnail","hentry","category-minuto-a-minuto","category-zona-gris","tag-instituto-estatal-de-educacion-publica-de-oaxaca","tag-seccion-22-del-snte"],"jetpack_featured_media_url":"https:\/\/zonaroja.com.mx\/wp-content\/uploads\/2020\/05\/Incidencias-Secci\u00f3n-22.jpg","jetpack_sharing_enabled":true,"_links":{"self":[{"href":"https:\/\/zonaroja.com.mx\/index.php?rest_route=\/wp\/v2\/posts\/12609","targetHints":{"allow":["GET"]}}],"collection":[{"href":"https:\/\/zonaroja.com.mx\/index.php?rest_route=\/wp\/v2\/posts"}],"about":[{"href":"https:\/\/zonaroja.com.mx\/index.php?rest_route=\/wp\/v2\/types\/post"}],"author":[{"embeddable":true,"href":"https:\/\/zonaroja.com.mx\/index.php?rest_route=\/wp\/v2\/users\/2"}],"replies":[{"embeddable":true,"href":"https:\/\/zonaroja.com.mx\/index.php?rest_route=%2Fwp%2Fv2%2Fcomments&post=12609"}],"version-history":[{"count":1,"href":"https:\/\/zonaroja.com.mx\/index.php?rest_route=\/wp\/v2\/posts\/12609\/revisions"}],"predecessor-version":[{"id":12611,"href":"https:\/\/zonaroja.com.mx\/index.php?rest_route=\/wp\/v2\/posts\/12609\/revisions\/12611"}],"wp:featuredmedia":[{"embeddable":true,"href":"https:\/\/zonaroja.com.mx\/index.php?rest_route=\/wp\/v2\/media\/12610"}],"wp:attachment":[{"href":"https:\/\/zonaroja.com.mx\/index.php?rest_route=%2Fwp%2Fv2%2Fmedia&parent=12609"}],"wp:term":[{"taxonomy":"category","embeddable":true,"href":"https:\/\/zonaroja.com.mx\/index.php?rest_route=%2Fwp%2Fv2%2Fcategories&post=12609"},{"taxonomy":"post_tag","embeddable":true,"href":"https:\/\/zonaroja.com.mx\/index.php?rest_route=%2Fwp%2Fv2%2Ftags&post=12609"}],"curies":[{"name":"wp","href":"https:\/\/api.w.org\/{rel}","templated":true}]}}