{"id":12616,"date":"2020-05-20T10:04:06","date_gmt":"2020-05-20T15:04:06","guid":{"rendered":"http:\/\/www.zonaroja.com.mx\/?p=12616"},"modified":"2020-05-20T10:04:10","modified_gmt":"2020-05-20T15:04:10","slug":"denuncian-nulo-apoyo-de-edil-oswaldo-garcia-a-contagiados-un-policia-muerto","status":"publish","type":"post","link":"https:\/\/zonaroja.com.mx\/?p=12616","title":{"rendered":"Denuncian nulo apoyo de edil Oswaldo Garc\u00eda a contagiados; un polic\u00eda muerto"},"content":{"rendered":"\n<p>Ismael\nGarc\u00eda M.\/Zona Roja.<\/p>\n\n\n\n<p>Oaxaca de\nJu\u00e1rez, Oax., 20 de mayo de 2020.- Un grupo de polic\u00edas municipales de Oaxaca\nde Ju\u00e1rez confirm\u00f3 la muerte de uno de sus compa\u00f1eros a causa del Covid-19 y 12\nm\u00e1s contagiados, casos que oculta el edil Oswaldo Garc\u00eda Jarqu\u00edn y a quienes ha\nnegado apoyos.<\/p>\n\n\n\n<p>Petrona\nConstancia Guti\u00e9rrez Lucas, una de las representantes de los uniformados,\ninform\u00f3 en conferencia de prensa que el elemento, con 27 a\u00f1os de servicio y de\nnombre Mario S. V., falleci\u00f3 el pasado lunes en el hospital del IMSS de la\nciudad de Oaxaca, del cual present\u00f3 una copia del acta de defunci\u00f3n.<\/p>\n\n\n\n<p>Sin embargo, por las denuncias hechas tambi\u00e9n en la exigencia de apoyos con materiales para protegerse del coronavirus, dos polic\u00edas y un comandante, Isidro, F\u00e9lix y Levic, respectivamente, fueron arrestados e incomunicados por parte de sus mandos, que encabeza Aquileo S\u00e1nchez.<\/p>\n\n\n\n<figure class=\"wp-block-embed-twitter wp-block-embed is-type-rich is-provider-twitter\"><div class=\"wp-block-embed__wrapper\">\n<div class=\"twitter-tweet\"><blockquote class=\"twitter-tweet\" data-lang=\"es\"><p lang=\"es\" dir=\"ltr\"><a href=\"https:\/\/twitter.com\/hashtag\/%C3%9AltimoMinuto?src=hash&amp;ref_src=twsrc%5Etfw\">#\u00daltimoMinuto<\/a><br>De nueva cuenta, polic\u00edas municipales del <a href=\"https:\/\/twitter.com\/MunicipioOaxaca?ref_src=twsrc%5Etfw\">@MunicipioOaxaca<\/a> denuncian desatenci\u00f3n del edil <a href=\"https:\/\/twitter.com\/oswaldogarciaj?ref_src=twsrc%5Etfw\">@oswaldogarciaj<\/a> en el otorgamiento de un bono y por el contrario ordena arrestos; confirmaron que s\u00ed hay un muerto por Covid-19  y unos 12 en cuarentena, ocultado por gobierno. <a href=\"https:\/\/t.co\/0ME9BdUgn9\">pic.twitter.com\/0ME9BdUgn9<\/a><\/p>&mdash; Zona Roja Oaxaca (@MexRoja) <a href=\"https:\/\/twitter.com\/MexRoja\/status\/1263085593484918784?ref_src=twsrc%5Etfw\">20 de mayo de 2020<\/a><\/blockquote><\/div>\n<\/div><\/figure>\n\n\n\n<p>Por lo cual,\nayer mismo acudieron a la Defensor\u00eda de los Derechos Humanos del Pueblo de\nOaxaca a interponer una queja. <\/p>\n\n\n\n<p>\u201cEl\ns\u00e1bado despu\u00e9s de la conferencia que dimos, sali\u00f3 un desplegado por parte de\nmunicipio donde dice que no hay infectados, pero hay pruebas de que s\u00ed hay\ncontagios en la corporaci\u00f3n; hay m\u00e1s de 12 compa\u00f1eros infectados\u201d, dijo la\npolic\u00eda Guti\u00e9rrez Lucas.<\/p>\n\n\n\n<p>\u201cNo\nsabemos el motivo por el que el presidente (Oswaldo Garc\u00eda Jarqu\u00edn) no quiera\ninformarlo, queremos platicar con \u00e9l si no tiene conocimiento de todo lo que se\nest\u00e1 viviendo en la corporaci\u00f3n\u201d, sostuvo.<\/p>\n\n\n\n<p>Despu\u00e9s\nde la denuncia el fin de semana, el lunes les dieron una careta y un\ncubrebocas, de los desechables, para justificar que ya otorgaron material; en\ntanto, acerca del bono por trabajar durante la contingencia sanitaria, expuso\nque a\u00fan no les confirman si continuar\u00e1 el apoyo.<\/p>\n","protected":false},"excerpt":{"rendered":"<p>Ismael Garc\u00eda M.\/Zona Roja. Oaxaca de Ju\u00e1rez, Oax., 20 de mayo de 2020.- Un grupo&hellip;<\/p>\n","protected":false},"author":2,"featured_media":12617,"comment_status":"closed","ping_status":"open","sticky":false,"template":"","format":"standard","meta":{"_lmt_disableupdate":"","_lmt_disable":"","_jetpack_memberships_contains_paid_content":false,"footnotes":""},"categories":[109,47],"tags":[115],"class_list":["post-12616","post","type-post","status-publish","format-standard","has-post-thumbnail","hentry","category-minuto-a-minuto","category-zona-gris","tag-oswaldo-garcia-jarquin"],"jetpack_featured_media_url":"https:\/\/zonaroja.com.mx\/wp-content\/uploads\/2020\/05\/2df75d4a-318f-4961-81fd-28c0e6345056.jpg","jetpack_sharing_enabled":true,"_links":{"self":[{"href":"https:\/\/zonaroja.com.mx\/index.php?rest_route=\/wp\/v2\/posts\/12616","targetHints":{"allow":["GET"]}}],"collection":[{"href":"https:\/\/zonaroja.com.mx\/index.php?rest_route=\/wp\/v2\/posts"}],"about":[{"href":"https:\/\/zonaroja.com.mx\/index.php?rest_route=\/wp\/v2\/types\/post"}],"author":[{"embeddable":true,"href":"https:\/\/zonaroja.com.mx\/index.php?rest_route=\/wp\/v2\/users\/2"}],"replies":[{"embeddable":true,"href":"https:\/\/zonaroja.com.mx\/index.php?rest_route=%2Fwp%2Fv2%2Fcomments&post=12616"}],"version-history":[{"count":1,"href":"https:\/\/zonaroja.com.mx\/index.php?rest_route=\/wp\/v2\/posts\/12616\/revisions"}],"predecessor-version":[{"id":12618,"href":"https:\/\/zonaroja.com.mx\/index.php?rest_route=\/wp\/v2\/posts\/12616\/revisions\/12618"}],"wp:featuredmedia":[{"embeddable":true,"href":"https:\/\/zonaroja.com.mx\/index.php?rest_route=\/wp\/v2\/media\/12617"}],"wp:attachment":[{"href":"https:\/\/zonaroja.com.mx\/index.php?rest_route=%2Fwp%2Fv2%2Fmedia&parent=12616"}],"wp:term":[{"taxonomy":"category","embeddable":true,"href":"https:\/\/zonaroja.com.mx\/index.php?rest_route=%2Fwp%2Fv2%2Fcategories&post=12616"},{"taxonomy":"post_tag","embeddable":true,"href":"https:\/\/zonaroja.com.mx\/index.php?rest_route=%2Fwp%2Fv2%2Ftags&post=12616"}],"curies":[{"name":"wp","href":"https:\/\/api.w.org\/{rel}","templated":true}]}}