{"id":12624,"date":"2020-05-20T12:19:52","date_gmt":"2020-05-20T17:19:52","guid":{"rendered":"http:\/\/www.zonaroja.com.mx\/?p=12624"},"modified":"2020-05-20T12:19:56","modified_gmt":"2020-05-20T17:19:56","slug":"siguen-retenidos-policias-y-personal-medico-en-jacatepec-por-caso-covid","status":"publish","type":"post","link":"https:\/\/zonaroja.com.mx\/?p=12624","title":{"rendered":"Siguen retenidos polic\u00edas y personal m\u00e9dico en Jacatepec, por caso Covid"},"content":{"rendered":"\n<p>Yuridiana\nSosa<\/p>\n\n\n\n<p>San Juan\nBautista Tuxtepec, Oax., 20 de mayo de 2020.- Desde hace m\u00e1s de 12 horas, ocho\npersonas, entre personal m\u00e9dico, elementos de la Polic\u00eda Municipal y Estatal,\nse encuentran retenidos por pobladores de Santa Mar\u00eda Jacatepec, en rechazo de\nuna familia al diagn\u00f3stico m\u00e9dico de una persona que falleci\u00f3 por Covid-19.<\/p>\n\n\n\n<p>En la\nagencia municipal de La Joya, de Jacatepec en la regi\u00f3n Cuenca, los servidores\np\u00fablicos fueron privados de su libertad desde anoche como medida de presi\u00f3n\npara que el edil V\u00edctor Ra\u00fal Hern\u00e1ndez L\u00f3pez desmintiera la publicaci\u00f3n que\nrealiz\u00f3, con base a los datos proporcionados por la Jurisdicci\u00f3n Sanitaria\nN\u00famero 3, esta semana.<\/p>\n\n\n\n<p>La\nfamilia del adulto mayor que muri\u00f3 niega que se trat\u00f3 por Covid-19, por lo que\narremetieron contra doctoras y enfermeras del Centro de Salud Rural, quienes\nenviaron al paciente para atenci\u00f3n en el hospital de Tuxtepec.<\/p>\n\n\n\n<p>\u201cSe muri\u00f3\nde salmonela, tuvo diarrea, lo llevaron al hospital y ah\u00ed le dijeron que ten\u00eda\nneumon\u00eda, despu\u00e9s que muri\u00f3 como sospechoso de Covid. El se\u00f1or presidente\nmiente, est\u00e1n difamando a mi padre\u201d, indic\u00f3 el deudo, Mario Isidro Crist\u00f3bal.<\/p>\n\n\n\n<p>Entre los\nretenidos se encuentran dos polic\u00edas municipales, un elemento de la Polic\u00eda\nEstatal, la directora de Salud municipal, el secretario municipal, as\u00ed como una\ndoctora de los Servicios municipales del DIF, la directora y la enfermera de la\nunidad m\u00e9dica rural, confirm\u00f3 el coordinador de la Secretar\u00eda de General de\nGobierno en la Cuenca, V\u00edctor Virgen.<\/p>\n\n\n\n<p>Los\nservidores p\u00fablicos retenidos fueron despojados de sus cubrebocas por parte de\nlos inconformes, quienes aseguran que es su comunidad no existe Covid-19, a\npesar que esta semana los Servicios de Salud de Oaxaca a trav\u00e9s de la\nJurisdicci\u00f3n en la Cuenca confirmaron el primer caso y defunci\u00f3n.<\/p>\n\n\n\n<p>Los\npobladores demandaron que el edil ofrezca una disculpa p\u00fablica, pues en las\ncomunidades cercanas ya no dan acceso sus habitantes.<\/p>\n","protected":false},"excerpt":{"rendered":"<p>Yuridiana Sosa San Juan Bautista Tuxtepec, Oax., 20 de mayo de 2020.- Desde hace m\u00e1s&hellip;<\/p>\n","protected":false},"author":2,"featured_media":12625,"comment_status":"closed","ping_status":"open","sticky":false,"template":"","format":"standard","meta":{"_lmt_disableupdate":"","_lmt_disable":"","_jetpack_memberships_contains_paid_content":false,"footnotes":""},"categories":[109,47],"tags":[1514],"class_list":["post-12624","post","type-post","status-publish","format-standard","has-post-thumbnail","hentry","category-minuto-a-minuto","category-zona-gris","tag-santa-maria-jacatepec"],"jetpack_featured_media_url":"https:\/\/zonaroja.com.mx\/wp-content\/uploads\/2020\/05\/Jacatepec-1.jpg","jetpack_sharing_enabled":true,"_links":{"self":[{"href":"https:\/\/zonaroja.com.mx\/index.php?rest_route=\/wp\/v2\/posts\/12624","targetHints":{"allow":["GET"]}}],"collection":[{"href":"https:\/\/zonaroja.com.mx\/index.php?rest_route=\/wp\/v2\/posts"}],"about":[{"href":"https:\/\/zonaroja.com.mx\/index.php?rest_route=\/wp\/v2\/types\/post"}],"author":[{"embeddable":true,"href":"https:\/\/zonaroja.com.mx\/index.php?rest_route=\/wp\/v2\/users\/2"}],"replies":[{"embeddable":true,"href":"https:\/\/zonaroja.com.mx\/index.php?rest_route=%2Fwp%2Fv2%2Fcomments&post=12624"}],"version-history":[{"count":1,"href":"https:\/\/zonaroja.com.mx\/index.php?rest_route=\/wp\/v2\/posts\/12624\/revisions"}],"predecessor-version":[{"id":12626,"href":"https:\/\/zonaroja.com.mx\/index.php?rest_route=\/wp\/v2\/posts\/12624\/revisions\/12626"}],"wp:featuredmedia":[{"embeddable":true,"href":"https:\/\/zonaroja.com.mx\/index.php?rest_route=\/wp\/v2\/media\/12625"}],"wp:attachment":[{"href":"https:\/\/zonaroja.com.mx\/index.php?rest_route=%2Fwp%2Fv2%2Fmedia&parent=12624"}],"wp:term":[{"taxonomy":"category","embeddable":true,"href":"https:\/\/zonaroja.com.mx\/index.php?rest_route=%2Fwp%2Fv2%2Fcategories&post=12624"},{"taxonomy":"post_tag","embeddable":true,"href":"https:\/\/zonaroja.com.mx\/index.php?rest_route=%2Fwp%2Fv2%2Ftags&post=12624"}],"curies":[{"name":"wp","href":"https:\/\/api.w.org\/{rel}","templated":true}]}}