{"id":12627,"date":"2020-05-20T14:02:14","date_gmt":"2020-05-20T19:02:14","guid":{"rendered":"http:\/\/www.zonaroja.com.mx\/?p=12627"},"modified":"2020-05-20T14:02:17","modified_gmt":"2020-05-20T19:02:17","slug":"continuan-denuncias-de-irregularidades-en-el-imss-oaxaca","status":"publish","type":"post","link":"https:\/\/zonaroja.com.mx\/?p=12627","title":{"rendered":"Contin\u00faan denuncias de irregularidades en el IMSS Oaxaca"},"content":{"rendered":"\n<p>Evlin\nArag\u00f3n\/Zona Roja.<\/p>\n\n\n\n<p>Oaxaca de\nJu\u00e1rez, Oax., 20 de mayo de 2020.- Personal activo y jubilado del Instituto\nMexicano del Seguro Social (IMSS) en Oaxaca, adherido a la Coordinadora de\nBases del Seguro Social, insisti\u00f3 en la denuncia de la falta de material y\nequipo de buena calidad al interior de la instituci\u00f3n para la atenci\u00f3n de\npacientes con Covid-19, cuya cifra de casos se mantiene al alza en la entidad.<\/p>\n\n\n\n<p>As\u00ed lo\ninformaron mediante un pronunciamiento en el que a acusaron tambi\u00e9n la falta de\npersonal y las omisiones por parte de las autoridades de salud que est\u00e1n\ninduciendo a sus compa\u00f1eros al contagio y una posible muerte segura por el\nvirus que azota al mundo.<\/p>\n\n\n\n<p>\u201cCondenamos\nlas omisiones por parte de las autoridades de salud de nuestro estado, en\nespecial las del IMSS, ya que con su negligencia, apat\u00eda, falta de\nresponsabilidad y \u00e9tica profesional est\u00e1n induciendo a nuestros compa\u00f1eros al\ncontagio y una muerte segura por Covid-19\u201d, refiere el documento.<\/p>\n\n\n\n<p>En este\nsentido, cuestionaron el actuar que hasta el momento ha demostrado el director\ndel nosocomio de Hospital General de Zona 1, Juan Pablo Matadamas Ortiz, que\npese a contar con un historial negativo, se mantiene al frente de la\ninstituci\u00f3n poniendo en riesgo a la base trabajadora.<\/p>\n\n\n\n<p>As\u00ed mismo,\nel de la jefa de prestaciones m\u00e9dicas, Martha Escobar V\u00e1squez, quien fue\ncorrida de la direcci\u00f3n del hospital por su prepotencia y su falta de\ntransparencia en el manejo de recursos federales asignados a la instituci\u00f3n,\ncontribuyendo en el saqueo econ\u00f3mico desmedido e incalculable.<\/p>\n\n\n\n<p>Por lo\nanterior, exigieron la intervenci\u00f3n de la m\u00e1xima autoridad administrativa del\nIMSS en Oaxaca, encabezada por Jos\u00e9 David Orgaz Hern\u00e1ndez, a quien solicitan\nuna investigaci\u00f3n exhaustiva de ambos personajes citados anteriormente.<\/p>\n\n\n\n<p>As\u00ed mismo\ny como en ocasiones anteriores, responsabilizaron a las actuales autoridades\ndel Hospital General de Zona 1, de cualquier afectaci\u00f3n en la integridad f\u00edsica\ndel personal m\u00e9dico, de enfermer\u00eda, apoyo y administrativo al interior del\nnosocomio, ante la falta de material y equipo para atender la contingencia\nsanitaria que hoy se vive.<\/p>\n\n\n\n<p>Finalmente.\nexpresaron que en caso de no ser atendidos podr\u00edan salir a las calles a\nmanifestarse y buscar el apoyo de otros como son organizaciones civiles,\ncolectivos, sindicatos y organizaciones que se quieran solidarizar con su\nlucha.<\/p>\n\n\n\n<p>Desde\ninicio de a\u00f1o, integrantes del Sindicato Libre de Trabajadores del IMSS han\ndenunciaron acoso, hostigamiento y persecuci\u00f3n laboral por parte de la\ndirectiva de la instancia, as\u00ed como del encargado de la delegaci\u00f3n, Jorge\nMart\u00ednez Torres, luego de las protestas que han realizado.<\/p>\n\n\n\n<p>La\nconstante denuncia de este grupo de trabajadoras y trabajadores de la\ninstituci\u00f3n de salud, ha sido el robo de medicamentos al interior, as\u00ed como\nmaltrato al personal y tr\u00e1fico de influencias de parte de la directiva del\nnosocomio.<\/p>\n","protected":false},"excerpt":{"rendered":"<p>Evlin Arag\u00f3n\/Zona Roja. Oaxaca de Ju\u00e1rez, Oax., 20 de mayo de 2020.- Personal activo y&hellip;<\/p>\n","protected":false},"author":2,"featured_media":7532,"comment_status":"closed","ping_status":"open","sticky":false,"template":"","format":"standard","meta":{"_lmt_disableupdate":"","_lmt_disable":"","_jetpack_memberships_contains_paid_content":false,"footnotes":""},"categories":[109,47],"tags":[870],"class_list":["post-12627","post","type-post","status-publish","format-standard","has-post-thumbnail","hentry","category-minuto-a-minuto","category-zona-gris","tag-imss-oaxaca"],"jetpack_featured_media_url":"https:\/\/zonaroja.com.mx\/wp-content\/uploads\/2020\/01\/IMSS-Oaxaca.jpg","jetpack_sharing_enabled":true,"_links":{"self":[{"href":"https:\/\/zonaroja.com.mx\/index.php?rest_route=\/wp\/v2\/posts\/12627","targetHints":{"allow":["GET"]}}],"collection":[{"href":"https:\/\/zonaroja.com.mx\/index.php?rest_route=\/wp\/v2\/posts"}],"about":[{"href":"https:\/\/zonaroja.com.mx\/index.php?rest_route=\/wp\/v2\/types\/post"}],"author":[{"embeddable":true,"href":"https:\/\/zonaroja.com.mx\/index.php?rest_route=\/wp\/v2\/users\/2"}],"replies":[{"embeddable":true,"href":"https:\/\/zonaroja.com.mx\/index.php?rest_route=%2Fwp%2Fv2%2Fcomments&post=12627"}],"version-history":[{"count":1,"href":"https:\/\/zonaroja.com.mx\/index.php?rest_route=\/wp\/v2\/posts\/12627\/revisions"}],"predecessor-version":[{"id":12628,"href":"https:\/\/zonaroja.com.mx\/index.php?rest_route=\/wp\/v2\/posts\/12627\/revisions\/12628"}],"wp:featuredmedia":[{"embeddable":true,"href":"https:\/\/zonaroja.com.mx\/index.php?rest_route=\/wp\/v2\/media\/7532"}],"wp:attachment":[{"href":"https:\/\/zonaroja.com.mx\/index.php?rest_route=%2Fwp%2Fv2%2Fmedia&parent=12627"}],"wp:term":[{"taxonomy":"category","embeddable":true,"href":"https:\/\/zonaroja.com.mx\/index.php?rest_route=%2Fwp%2Fv2%2Fcategories&post=12627"},{"taxonomy":"post_tag","embeddable":true,"href":"https:\/\/zonaroja.com.mx\/index.php?rest_route=%2Fwp%2Fv2%2Ftags&post=12627"}],"curies":[{"name":"wp","href":"https:\/\/api.w.org\/{rel}","templated":true}]}}