{"id":12629,"date":"2020-05-20T14:23:37","date_gmt":"2020-05-20T19:23:37","guid":{"rendered":"http:\/\/www.zonaroja.com.mx\/?p=12629"},"modified":"2020-05-20T14:23:40","modified_gmt":"2020-05-20T19:23:40","slug":"presidente-del-congreso-pide-aclarar-crimen-de-defensor-de-medio-ambiente","status":"publish","type":"post","link":"https:\/\/zonaroja.com.mx\/?p=12629","title":{"rendered":"Presidente del Congreso pide aclarar crimen de defensor de medio ambiente"},"content":{"rendered":"\n<p>Redacci\u00f3n\/Zona\nRoja.<\/p>\n\n\n\n<p>Oaxaca de\nJu\u00e1rez, Oax., 20 de mayo de 2020.- Luego del asesinato del bi\u00f3logo Eugui Roy\nMart\u00ednez P\u00e9rez, el pasado jueves 7 de mayo en San Agust\u00edn Loxicha, el\npresidente de la Junta de Coordinaci\u00f3n Pol\u00edtica del Congreso de Oaxaca, Horacio\nSosa, hizo un llamado a la Fiscal\u00eda General del Estado, al cumplir con su\nobligaci\u00f3n de actuar con la debida diligencia en torno a este homicidio.<\/p>\n\n\n\n<p>De igual\nforma, exhort\u00f3 al gobierno estatal para que instruya a todas sus dependencias\nque sean pertinentes, a fin de garantizar la integridad y la vida de las y los\ndefensores comunitarios de la tierra, el territorio y sus recursos en el estado\nde Oaxaca que puedan estar en riesgo por el ejercicio de esas tareas.<\/p>\n\n\n\n<p>El\ndiputado del Partido Morena, dijo que el asesinato del defensor ha levantado\nuna ola de condenas, principalmente entre organizaciones y personas defensoras\nde derechos humanos y espec\u00edficamente de los derechos relacionados con el medio\nambiente.<\/p>\n\n\n\n<p>Incluso\nla Oficina en M\u00e9xico del Alto Comisionado de las Naciones Unidas para los\nDerechos Humanos (ONU-DH) conden\u00f3 los asesinatos del defensor ambiental Eugui\nRoy Mart\u00ednez P\u00e9rez en el estado de Oaxaca, as\u00ed como del periodista Jorge Miguel\nArmenta \u00c1valos y de su escolta, en Sonora, adem\u00e1s de llamar a investigar,\njuzgar y sancionar a los responsables materiales e intelectuales.<\/p>\n\n\n\n<p>Eugui Roy\nMart\u00ednez P\u00e9rez, originario de Oaxaca, era un joven de 21 a\u00f1os de edad,\nestudiante de biolog\u00eda que realizaba actividades de cuidado, preservaci\u00f3n y\ndefensa del medio ambiente, adem\u00e1s de promover la educaci\u00f3n ambiental entre\nni\u00f1os, ni\u00f1as y adolescentes.<\/p>\n\n\n\n<p>El\nlegislador Horacio Sosa asegur\u00f3 que el m\u00e1s reciente Informe sobre la Situaci\u00f3n\nde las Personas Defensoras de los Derechos Humanos Ambientales, realizado por\nel Centro Mexicano de Derecho Ambiental (CEMDA), muestra que desde 2012 y hasta\n2019 se han registrado 83 asesinatos de defensores ambientales.<\/p>\n\n\n\n<p>Esta\ncifra reafirma lo que desde hace a\u00f1os se\u00f1alan diversas organizaciones\ninternacionales, M\u00e9xico es uno de los pa\u00edses m\u00e1s peligrosos para quienes se\ndedican a la defensa del ambiente y el territorio.<\/p>\n","protected":false},"excerpt":{"rendered":"<p>Redacci\u00f3n\/Zona Roja. Oaxaca de Ju\u00e1rez, Oax., 20 de mayo de 2020.- Luego del asesinato del&hellip;<\/p>\n","protected":false},"author":2,"featured_media":12156,"comment_status":"closed","ping_status":"open","sticky":false,"template":"","format":"standard","meta":{"_lmt_disableupdate":"","_lmt_disable":"","_jetpack_memberships_contains_paid_content":false,"footnotes":""},"categories":[109,47],"tags":[1668],"class_list":["post-12629","post","type-post","status-publish","format-standard","has-post-thumbnail","hentry","category-minuto-a-minuto","category-zona-gris","tag-eugui-roy-martinez-perez"],"jetpack_featured_media_url":"https:\/\/zonaroja.com.mx\/wp-content\/uploads\/2020\/05\/IMG_9176.jpg","jetpack_sharing_enabled":true,"_links":{"self":[{"href":"https:\/\/zonaroja.com.mx\/index.php?rest_route=\/wp\/v2\/posts\/12629","targetHints":{"allow":["GET"]}}],"collection":[{"href":"https:\/\/zonaroja.com.mx\/index.php?rest_route=\/wp\/v2\/posts"}],"about":[{"href":"https:\/\/zonaroja.com.mx\/index.php?rest_route=\/wp\/v2\/types\/post"}],"author":[{"embeddable":true,"href":"https:\/\/zonaroja.com.mx\/index.php?rest_route=\/wp\/v2\/users\/2"}],"replies":[{"embeddable":true,"href":"https:\/\/zonaroja.com.mx\/index.php?rest_route=%2Fwp%2Fv2%2Fcomments&post=12629"}],"version-history":[{"count":1,"href":"https:\/\/zonaroja.com.mx\/index.php?rest_route=\/wp\/v2\/posts\/12629\/revisions"}],"predecessor-version":[{"id":12630,"href":"https:\/\/zonaroja.com.mx\/index.php?rest_route=\/wp\/v2\/posts\/12629\/revisions\/12630"}],"wp:featuredmedia":[{"embeddable":true,"href":"https:\/\/zonaroja.com.mx\/index.php?rest_route=\/wp\/v2\/media\/12156"}],"wp:attachment":[{"href":"https:\/\/zonaroja.com.mx\/index.php?rest_route=%2Fwp%2Fv2%2Fmedia&parent=12629"}],"wp:term":[{"taxonomy":"category","embeddable":true,"href":"https:\/\/zonaroja.com.mx\/index.php?rest_route=%2Fwp%2Fv2%2Fcategories&post=12629"},{"taxonomy":"post_tag","embeddable":true,"href":"https:\/\/zonaroja.com.mx\/index.php?rest_route=%2Fwp%2Fv2%2Ftags&post=12629"}],"curies":[{"name":"wp","href":"https:\/\/api.w.org\/{rel}","templated":true}]}}