{"id":12631,"date":"2020-05-20T15:22:33","date_gmt":"2020-05-20T20:22:33","guid":{"rendered":"http:\/\/www.zonaroja.com.mx\/?p=12631"},"modified":"2020-05-20T15:22:36","modified_gmt":"2020-05-20T20:22:36","slug":"por-retencion-de-medico-en-la-cuenca-pasantes-cerraran-clinicas-en-la-costa","status":"publish","type":"post","link":"https:\/\/zonaroja.com.mx\/?p=12631","title":{"rendered":"Por retenci\u00f3n de m\u00e9dico en la Cuenca, pasantes cerrar\u00e1n cl\u00ednicas en la Costa"},"content":{"rendered":"\n<p>Yuridiana\nSosa\/Zona Roja.<\/p>\n\n\n\n<p>Oaxaca de\nJu\u00e1rez, Oax., 20 de mayo de 2020.- M\u00e9dicos pasantes del Servicio Social en\nOaxaca sentenciaron que ante la falta de condiciones de seguridad para\ndesempe\u00f1ar su labor, con relaci\u00f3n a la retenci\u00f3n de una compa\u00f1era en Santa\nMar\u00eda Jacatepec, en la Cuenca, cerrar\u00e1n los centros de salud donde laboran.<\/p>\n\n\n\n<p>A trav\u00e9s\nde un comunicado, los m\u00e9dicos al servicio del Gobierno del Estado &#8211;promoci\u00f3n\nagosto 2019 a julio 2020&#8211; indicaron que ante la contingencia sanitaria, se les\ndemand\u00f3 continuar al frente de sus actividades,<\/p>\n\n\n\n<p>Sin\nembargo, las ejercen en condiciones precarias, pero mientras no existan\ngarant\u00edas de seguridad para sus funciones no podr\u00e1n continuar.<\/p>\n\n\n\n<p>Pues\ndetallaron que su compa\u00f1era Gloria Ivonne L\u00f3pez Obrajero fue retenida desde\nanoche en la comunidad de La Joya en el municipio de Jacatepec, en la regi\u00f3n de\nla Cuenca, acusada de ofrecer supuestamente un err\u00f3neo diagn\u00f3stico m\u00e9dico de\nuna persona que falleci\u00f3 por Covid-19; pese que as\u00ed fue confirmado por los\nServicios de Salud de Oaxaca esta semana.<\/p>\n\n\n\n<p>Por esa\nsituaci\u00f3n los pasantes unidos advirtieron a la Jurisdicci\u00f3n Sanitaria n\u00famero 4,\nde la regi\u00f3n Costa, as\u00ed como las autoridades acad\u00e9micas de la Universidad\nAut\u00f3noma \u201cBenito Ju\u00e1rez\u201d de Oaxaca (UABJO), sobre su decisi\u00f3n.<\/p>\n\n\n\n<p>\u201cComo\nm\u00e9dicos pasantes nos vemos en la necesidad de protestar en contra de esta\nsituaci\u00f3n, cerrando nuestros centros de trabajo, anteponiendo nuestro derecho a\nla salud y a salvaguardar nuestra integridad f\u00edsica\u201d, indicaron los j\u00f3venes\nm\u00e9dicos.<\/p>\n\n\n\n<p>Tras m\u00e1s\nde 12 horas, la pasante retenida en la regi\u00f3n de la Cuenca, junto a una\nenfermera del Centro de Salud Rural, as\u00ed como con funcionarios municipales y\nelementos de la Polic\u00eda Estatal y Municipal, fueron liberados.<\/p>\n","protected":false},"excerpt":{"rendered":"<p>Yuridiana Sosa\/Zona Roja. Oaxaca de Ju\u00e1rez, Oax., 20 de mayo de 2020.- M\u00e9dicos pasantes del&hellip;<\/p>\n","protected":false},"author":2,"featured_media":12632,"comment_status":"closed","ping_status":"open","sticky":false,"template":"","format":"standard","meta":{"_lmt_disableupdate":"","_lmt_disable":"","_jetpack_memberships_contains_paid_content":false,"footnotes":""},"categories":[109,47],"tags":[1514],"class_list":["post-12631","post","type-post","status-publish","format-standard","has-post-thumbnail","hentry","category-minuto-a-minuto","category-zona-gris","tag-santa-maria-jacatepec"],"jetpack_featured_media_url":"https:\/\/zonaroja.com.mx\/wp-content\/uploads\/2020\/05\/Pasantes-medicina-2.jpg","jetpack_sharing_enabled":true,"_links":{"self":[{"href":"https:\/\/zonaroja.com.mx\/index.php?rest_route=\/wp\/v2\/posts\/12631","targetHints":{"allow":["GET"]}}],"collection":[{"href":"https:\/\/zonaroja.com.mx\/index.php?rest_route=\/wp\/v2\/posts"}],"about":[{"href":"https:\/\/zonaroja.com.mx\/index.php?rest_route=\/wp\/v2\/types\/post"}],"author":[{"embeddable":true,"href":"https:\/\/zonaroja.com.mx\/index.php?rest_route=\/wp\/v2\/users\/2"}],"replies":[{"embeddable":true,"href":"https:\/\/zonaroja.com.mx\/index.php?rest_route=%2Fwp%2Fv2%2Fcomments&post=12631"}],"version-history":[{"count":1,"href":"https:\/\/zonaroja.com.mx\/index.php?rest_route=\/wp\/v2\/posts\/12631\/revisions"}],"predecessor-version":[{"id":12633,"href":"https:\/\/zonaroja.com.mx\/index.php?rest_route=\/wp\/v2\/posts\/12631\/revisions\/12633"}],"wp:featuredmedia":[{"embeddable":true,"href":"https:\/\/zonaroja.com.mx\/index.php?rest_route=\/wp\/v2\/media\/12632"}],"wp:attachment":[{"href":"https:\/\/zonaroja.com.mx\/index.php?rest_route=%2Fwp%2Fv2%2Fmedia&parent=12631"}],"wp:term":[{"taxonomy":"category","embeddable":true,"href":"https:\/\/zonaroja.com.mx\/index.php?rest_route=%2Fwp%2Fv2%2Fcategories&post=12631"},{"taxonomy":"post_tag","embeddable":true,"href":"https:\/\/zonaroja.com.mx\/index.php?rest_route=%2Fwp%2Fv2%2Ftags&post=12631"}],"curies":[{"name":"wp","href":"https:\/\/api.w.org\/{rel}","templated":true}]}}