{"id":12634,"date":"2020-05-20T19:49:27","date_gmt":"2020-05-21T00:49:27","guid":{"rendered":"http:\/\/www.zonaroja.com.mx\/?p=12634"},"modified":"2020-05-20T19:49:30","modified_gmt":"2020-05-21T00:49:30","slug":"piden-feministas-justicia-para-alumnas-del-cobao-que-denunciaron-agresiones","status":"publish","type":"post","link":"https:\/\/zonaroja.com.mx\/?p=12634","title":{"rendered":"Piden feministas justicia para alumnas del Cobao que denunciaron agresiones"},"content":{"rendered":"\n<p>Evlin\nArag\u00f3n\/Zona Roja.<\/p>\n\n\n\n<p>Oaxaca de\nJu\u00e1rez, Oax., 20 de mayo de 2020.- Tras la detenci\u00f3n que se realizar\u00e1 este fin\nde semana de Jorge C. S., docente del plantel 39 de Nazareno del Colegio de\nBachilleres del Estado de Oaxaca (Cobao), feministas en Oaxaca exigieron a la\nFiscal\u00eda General de Estado que realice una investigaci\u00f3n con perspectiva de\ng\u00e9nero y en respaldo a la v\u00edctima.<\/p>\n\n\n\n<p>\u201cA Rub\u00e9n\nVasconcelos M\u00e9ndez, titular de la Fiscal\u00eda General del Estado de Oaxaca, le\npedimos que la investigaci\u00f3n sea con perspectiva de g\u00e9nero y la no\nrevictimizaci\u00f3n de la estudiante, que se apegue a los protocolos\ninternacionales de las ni\u00f1as, ni\u00f1os y adolescentes\u201d.<\/p>\n\n\n\n<p>As\u00ed lo\nexpuso el colectivo Feministas Oaxaca, que record\u00f3 que durante a\u00f1os Jorge C.\nS., se aprovech\u00f3 de su posici\u00f3n como docente para acosar, hostigar y abusar de\nsus alumnas, lo cual fue evidenciado a inicios del mes de marzo con un\ntendedero de denuncias colocado por las j\u00f3venes al interior del plantel.<\/p>\n\n\n\n<p>Por lo\nanterior, pidieron que sea juzgado con perspectiva de g\u00e9nero, tomando en cuenta\nel grave da\u00f1o que ha causado previamente a otras j\u00f3venes y no solo a la que se\natrevi\u00f3 a denunciar con el respaldo de buena parte de sus compa\u00f1eras.<\/p>\n\n\n\n<p>As\u00ed mismo,\nexigieron al director del Cobao, Rodrigo Gonz\u00e1lez Ilescas, acciones\ncontundentes para la prevenci\u00f3n y erradicaci\u00f3n de la violencia hacia las alumnas\nal interior de los diferentes planteles ubicados en la entidad oaxaque\u00f1a.<\/p>\n\n\n\n<p>\u201cNosotras\nestaremos atentas a la investigaci\u00f3n de la Fiscal\u00eda, dando seguimiento\noportuno, as\u00ed mismo a las acciones del director del Cobao. Nunca m\u00e1s tendr\u00e1n la\ncomodidad de nuestro silencio\u201d, refieren las integrantes del colectivo a trav\u00e9s\nde sus redes sociales.<\/p>\n\n\n\n<p>En un\ncomunicado anterior, cuestionaron la labor de la Secretar\u00eda de las Mujeres de\nOaxaca, encabezada por Ana V\u00e1squez Colmenares, que pese a contar con recursos\np\u00fablicos, personal e infraestructura, se ha quedado corta en la erradicaci\u00f3n de\nla violencia contra ni\u00f1as y mujeres de Oaxaca. <\/p>\n\n\n\n<p>Finalmente,\nrecordaron que mantendr\u00e1n el acompa\u00f1amiento de las j\u00f3venes que se atrevan a\ndenunciar y el seguimiento de las acciones que realicen las autoridades para\nsancionar a los hombres que fueron se\u00f1alados como agresores sexuales.<\/p>\n\n\n\n<p>Previo a\nla contingencia sanitaria, estudiantes de los planteles de Ciudad Ixtepec, El\nEspinal, Chiltepec, Putla Villa de Guerrero, Nazareno, Huatulco, Pueblo Nuevo y\nTlaxiaco hab\u00edan denunciado casos de acoso y hostigamiento sexual por parte del\npersonal docente e incluso sus compa\u00f1eros de clase.<\/p>\n\n\n\n<p>Al\nrespecto las autoridades del Cobao emitieron al menos seis comunicados ante la\nola de denuncias, en los que destacaron la separaci\u00f3n del cargo de al menos\nonce personas por hab\u00e9rseles comprobado conductas inaceptables.<\/p>\n","protected":false},"excerpt":{"rendered":"<p>Evlin Arag\u00f3n\/Zona Roja. Oaxaca de Ju\u00e1rez, Oax., 20 de mayo de 2020.- Tras la detenci\u00f3n&hellip;<\/p>\n","protected":false},"author":2,"featured_media":12446,"comment_status":"closed","ping_status":"open","sticky":false,"template":"","format":"standard","meta":{"_lmt_disableupdate":"","_lmt_disable":"","_jetpack_memberships_contains_paid_content":false,"footnotes":""},"categories":[109,47],"tags":[800],"class_list":["post-12634","post","type-post","status-publish","format-standard","has-post-thumbnail","hentry","category-minuto-a-minuto","category-zona-gris","tag-colegio-de-bachilleres-de-oaxaca"],"jetpack_featured_media_url":"https:\/\/zonaroja.com.mx\/wp-content\/uploads\/2020\/05\/8dfbd046-f8c2-42f6-a169-8c40eb96fac5.jpg","jetpack_sharing_enabled":true,"_links":{"self":[{"href":"https:\/\/zonaroja.com.mx\/index.php?rest_route=\/wp\/v2\/posts\/12634","targetHints":{"allow":["GET"]}}],"collection":[{"href":"https:\/\/zonaroja.com.mx\/index.php?rest_route=\/wp\/v2\/posts"}],"about":[{"href":"https:\/\/zonaroja.com.mx\/index.php?rest_route=\/wp\/v2\/types\/post"}],"author":[{"embeddable":true,"href":"https:\/\/zonaroja.com.mx\/index.php?rest_route=\/wp\/v2\/users\/2"}],"replies":[{"embeddable":true,"href":"https:\/\/zonaroja.com.mx\/index.php?rest_route=%2Fwp%2Fv2%2Fcomments&post=12634"}],"version-history":[{"count":1,"href":"https:\/\/zonaroja.com.mx\/index.php?rest_route=\/wp\/v2\/posts\/12634\/revisions"}],"predecessor-version":[{"id":12635,"href":"https:\/\/zonaroja.com.mx\/index.php?rest_route=\/wp\/v2\/posts\/12634\/revisions\/12635"}],"wp:featuredmedia":[{"embeddable":true,"href":"https:\/\/zonaroja.com.mx\/index.php?rest_route=\/wp\/v2\/media\/12446"}],"wp:attachment":[{"href":"https:\/\/zonaroja.com.mx\/index.php?rest_route=%2Fwp%2Fv2%2Fmedia&parent=12634"}],"wp:term":[{"taxonomy":"category","embeddable":true,"href":"https:\/\/zonaroja.com.mx\/index.php?rest_route=%2Fwp%2Fv2%2Fcategories&post=12634"},{"taxonomy":"post_tag","embeddable":true,"href":"https:\/\/zonaroja.com.mx\/index.php?rest_route=%2Fwp%2Fv2%2Ftags&post=12634"}],"curies":[{"name":"wp","href":"https:\/\/api.w.org\/{rel}","templated":true}]}}