{"id":12638,"date":"2020-05-20T20:42:21","date_gmt":"2020-05-21T01:42:21","guid":{"rendered":"http:\/\/www.zonaroja.com.mx\/?p=12638"},"modified":"2020-05-20T20:42:24","modified_gmt":"2020-05-21T01:42:24","slug":"a-casi-dos-anos-de-impunidad-arranca-campana-para-exigir-justicia-para-sol","status":"publish","type":"post","link":"https:\/\/zonaroja.com.mx\/?p=12638","title":{"rendered":"A casi dos a\u00f1os de impunidad, arranca campa\u00f1a para exigir justicia para Sol"},"content":{"rendered":"\n<p>Evlin\nArag\u00f3n\/Zona Roja.<\/p>\n\n\n\n<p>Oaxaca de Ju\u00e1rez, Oax.,  20 de mayo de 2020.- \u201cHasta\nque la justicia llegue\u201d es el nombre de la campa\u00f1a virtual que arranc\u00f3 este\nmi\u00e9rcoles para exigir el esclarecimiento del caso y el castigo de los\nresponsables del asesinato de la fotoperiodista Mar\u00eda del Sol Cruz Jarqu\u00edn.<\/p>\n\n\n\n<p>Se trata\nde una iniciativa encabezada por la familia de la joven, a unos d\u00edas de\ncumplirse dos a\u00f1os del asesinato de quien en el 2018 fue obligada a dar\ncobertura a una campa\u00f1a pol\u00edtica en el municipio de Juchit\u00e1n de Zaragoza,\nmientras trabajaba en la Secretar\u00eda de Asuntos Ind\u00edgenas.<\/p>\n\n\n\n<p>\u201cA unos\nd\u00edas de cumplirse dos a\u00f1os del asesinato de Mar\u00eda del Sol Cruz Jarqu\u00edn, alzamos\nla voz de manera virtual para denunciar que hemos testificado actos de\ncomplicidad, simulaci\u00f3n e impunidad total\u201d, refiere la madre de la joven\nSoledad Jarqu\u00edn Edgar.<\/p>\n\n\n\n<p>La\ncampa\u00f1a consiste en colocar la insignia #JusticiaParaSol en la mayor cantidad\nde im\u00e1genes de perfil de las redes sociales, desde este mi\u00e9rcoles 20 de mayo y\nhasta el 10&nbsp; junio para evidenciar que a\npesar de que se han interpuesto todos los recursos jur\u00eddicos correspondientes\nlas autoridades estatales en materia de justicia han sido omisas y negligentes.<\/p>\n\n\n\n<p>\u201cSon ya\ndos a\u00f1os del asesinato de Mar\u00eda del Sol, y a pesar de haber interpuesto todos\nlos recursos correspondientes tanto por el feminicidio como por delitos\nelectorales y dem\u00e1s delitos cometidos alrededor del caso, hoy no existe ning\u00fan\navance sustancial\u201d, refiere la reconocida periodista.<\/p>\n\n\n\n<p>Para un\nmayor impacto la publicaci\u00f3n debe incluir una descripci\u00f3n del por qu\u00e9 es\nimportante el caso para quienes compartan adem\u00e1s de utilizar las etiquetas:\n#2A\u00f1osDeImpunidad #2A\u00f1osDeComplicidad y terminar con la frase \u201cHasta que la\njusticia llegue, no m\u00e1s simulaci\u00f3n, no m\u00e1s impunidad. #JusticiaParaSol\u201d.<\/p>\n\n\n\n<p>De igual\nforma, la familia de la joven pide etiquetar las cuentas de @Soledad Jarqu\u00edn\nEdgar @OnudhMexico, @FGRMexico @gobmexico @UEenMEXICO, as\u00ed como las de las\nautoridades locales que han sido omisas ante la exigencia de justicia\n@Alejandro Murat Hinojosa y @FISCALIAGobOaX.<\/p>\n\n\n\n<p>Mar\u00eda del\nSol fue asesinada &#8211;junto con otras dos personas&#8211; el 2 de junio del 2018,\nluego de ser obligada a cubrir la campa\u00f1a del entonces candidato a la\npresidencia municipal de Juchit\u00e1n de Zaragoza, Hageo Montero L\u00f3pez, hoy regidor\nen el Cabildo de esa poblaci\u00f3n istme\u00f1a. <\/p>\n\n\n\n<p>Fue su\njefe, hermano del candidato y titular de la Secretar\u00eda de Asuntos Ind\u00edgenas,\nFrancisco Montero L\u00f3pez, quien orden\u00f3 el traslado de la joven a finales de\nabril de 2018, quien acept\u00f3 por temor a perder su empleo si se negaba.<\/p>\n\n\n\n<p>Durante\nestos casi dos a\u00f1os, la familia de la joven ha denunciado que se les ha negado\nsistem\u00e1ticamente la justicia ante una Fiscal\u00eda omisa y deficiente que no ha\ndado resultado en ninguna de las tres carpetas de la investigaci\u00f3n que inici\u00f3.<\/p>\n\n\n\n<p>As\u00ed mismo,\nha evidenciado la protecci\u00f3n de ex funcionarios como Francisco Montero L\u00f3pez,\nquien incurri\u00f3 en un delito electoral y sac\u00f3 provecho al hacer uso de recursos\np\u00fablicos, humanos y materiales, sin que haya sido sancionado hasta el momento\npor el gobernador de Oaxaca, Alejandro Murat Hinojosa como lo dictaminaron las\nautoridades federales.<\/p>\n","protected":false},"excerpt":{"rendered":"<p>Evlin Arag\u00f3n\/Zona Roja. Oaxaca de Ju\u00e1rez, Oax., 20 de mayo de 2020.- \u201cHasta que la&hellip;<\/p>\n","protected":false},"author":2,"featured_media":12639,"comment_status":"closed","ping_status":"open","sticky":false,"template":"","format":"standard","meta":{"_lmt_disableupdate":"","_lmt_disable":"","_jetpack_memberships_contains_paid_content":false,"footnotes":""},"categories":[109,47],"tags":[1059],"class_list":["post-12638","post","type-post","status-publish","format-standard","has-post-thumbnail","hentry","category-minuto-a-minuto","category-zona-gris","tag-maria-del-sol-cruz-jarquin"],"jetpack_featured_media_url":"https:\/\/zonaroja.com.mx\/wp-content\/uploads\/2020\/05\/Mar\u00eda-del-Sol-Cruz.png","jetpack_sharing_enabled":true,"_links":{"self":[{"href":"https:\/\/zonaroja.com.mx\/index.php?rest_route=\/wp\/v2\/posts\/12638","targetHints":{"allow":["GET"]}}],"collection":[{"href":"https:\/\/zonaroja.com.mx\/index.php?rest_route=\/wp\/v2\/posts"}],"about":[{"href":"https:\/\/zonaroja.com.mx\/index.php?rest_route=\/wp\/v2\/types\/post"}],"author":[{"embeddable":true,"href":"https:\/\/zonaroja.com.mx\/index.php?rest_route=\/wp\/v2\/users\/2"}],"replies":[{"embeddable":true,"href":"https:\/\/zonaroja.com.mx\/index.php?rest_route=%2Fwp%2Fv2%2Fcomments&post=12638"}],"version-history":[{"count":1,"href":"https:\/\/zonaroja.com.mx\/index.php?rest_route=\/wp\/v2\/posts\/12638\/revisions"}],"predecessor-version":[{"id":12640,"href":"https:\/\/zonaroja.com.mx\/index.php?rest_route=\/wp\/v2\/posts\/12638\/revisions\/12640"}],"wp:featuredmedia":[{"embeddable":true,"href":"https:\/\/zonaroja.com.mx\/index.php?rest_route=\/wp\/v2\/media\/12639"}],"wp:attachment":[{"href":"https:\/\/zonaroja.com.mx\/index.php?rest_route=%2Fwp%2Fv2%2Fmedia&parent=12638"}],"wp:term":[{"taxonomy":"category","embeddable":true,"href":"https:\/\/zonaroja.com.mx\/index.php?rest_route=%2Fwp%2Fv2%2Fcategories&post=12638"},{"taxonomy":"post_tag","embeddable":true,"href":"https:\/\/zonaroja.com.mx\/index.php?rest_route=%2Fwp%2Fv2%2Ftags&post=12638"}],"curies":[{"name":"wp","href":"https:\/\/api.w.org\/{rel}","templated":true}]}}