{"id":12641,"date":"2020-05-20T21:32:11","date_gmt":"2020-05-21T02:32:11","guid":{"rendered":"http:\/\/www.zonaroja.com.mx\/?p=12641"},"modified":"2020-05-20T21:32:15","modified_gmt":"2020-05-21T02:32:15","slug":"considera-diputada-que-poder-judicial-esta-sin-medidas-sanitarias-contra-covid","status":"publish","type":"post","link":"https:\/\/zonaroja.com.mx\/?p=12641","title":{"rendered":"Considera diputada que Poder Judicial est\u00e1 sin medidas sanitarias contra Covid"},"content":{"rendered":"\n<p>Redacci\u00f3n\/Zona\nRoja.<\/p>\n\n\n\n<p>Oaxaca de\nJu\u00e1rez, Oax., 20 de mayo de 2020.- El Poder Judicial del Estado de Oaxaca\ndesarrolla sus actividades sin dotar a sus trabajadoras y trabajadores de los\ninsumos de higiene personal necesarios para hacer frente a la posibilidad de\ncontagiarse con el virus del Covid-19.<\/p>\n\n\n\n<p>Adem\u00e1s,\nen dicho lugar no se cuenta con protocolos sanitarios para el acceso de la\ngente que ah\u00ed acude a tratar asuntos urgentes, se\u00f1al\u00f3 hoy la diputada Por el\nPartido Morena, Magaly L\u00f3pez Dom\u00ednguez.<\/p>\n\n\n\n<p>En un\ncomunicado, expres\u00f3 que en el actual contexto resulta criminal desarrollar\ntareas que impliquen la presencia f\u00edsica del p\u00fablico, sin tomar las medidas\nsanitarias necesarias para garantizar la seguridad no s\u00f3lo del personal del\npropio Poder Judicial, sino tambi\u00e9n del resto de las personas que por necesidad\nse ven obligadas a acudir a sus instalaciones en todo el estado de Oaxaca.<\/p>\n\n\n\n<p>\u201cSeg\u00fan\nhan referido medios de comunicaci\u00f3n a jueces, secretarios y dem\u00e1s personal no\nles otorga equipo de protecci\u00f3n personal, sino que cada empleado tiene que\ncomprar sus propios cubrebocas y guantes\u201d, asever\u00f3 la legisladora.<\/p>\n\n\n\n<p>En raz\u00f3n\nde lo anterior, en la sesi\u00f3n de hoy remiti\u00f3 ante la Diputaci\u00f3n Permanente del\nCongreso local,&nbsp; la propuesta por medio\nde la cual el Poder Legislativo exhortar\u00eda al presidente del Tribunal Superior\nde Justicia, establecer de manera urgente medidas sanitarias para el acceso\nseguro a las instalaciones del Poder Judicial del Estado.<\/p>\n","protected":false},"excerpt":{"rendered":"<p>Redacci\u00f3n\/Zona Roja. Oaxaca de Ju\u00e1rez, Oax., 20 de mayo de 2020.- El Poder Judicial del&hellip;<\/p>\n","protected":false},"author":2,"featured_media":12642,"comment_status":"closed","ping_status":"open","sticky":false,"template":"","format":"standard","meta":{"_lmt_disableupdate":"","_lmt_disable":"","_jetpack_memberships_contains_paid_content":false,"footnotes":""},"categories":[109,47],"tags":[192],"class_list":["post-12641","post","type-post","status-publish","format-standard","has-post-thumbnail","hentry","category-minuto-a-minuto","category-zona-gris","tag-diputada-magaly-lopez-dominguez"],"jetpack_featured_media_url":"https:\/\/zonaroja.com.mx\/wp-content\/uploads\/2020\/05\/Poder-Judicial-de-Oaxaca-sin-medidas-sanitarias-contraCOVID_19-advierte-Diputada.jpeg","jetpack_sharing_enabled":true,"_links":{"self":[{"href":"https:\/\/zonaroja.com.mx\/index.php?rest_route=\/wp\/v2\/posts\/12641","targetHints":{"allow":["GET"]}}],"collection":[{"href":"https:\/\/zonaroja.com.mx\/index.php?rest_route=\/wp\/v2\/posts"}],"about":[{"href":"https:\/\/zonaroja.com.mx\/index.php?rest_route=\/wp\/v2\/types\/post"}],"author":[{"embeddable":true,"href":"https:\/\/zonaroja.com.mx\/index.php?rest_route=\/wp\/v2\/users\/2"}],"replies":[{"embeddable":true,"href":"https:\/\/zonaroja.com.mx\/index.php?rest_route=%2Fwp%2Fv2%2Fcomments&post=12641"}],"version-history":[{"count":1,"href":"https:\/\/zonaroja.com.mx\/index.php?rest_route=\/wp\/v2\/posts\/12641\/revisions"}],"predecessor-version":[{"id":12643,"href":"https:\/\/zonaroja.com.mx\/index.php?rest_route=\/wp\/v2\/posts\/12641\/revisions\/12643"}],"wp:featuredmedia":[{"embeddable":true,"href":"https:\/\/zonaroja.com.mx\/index.php?rest_route=\/wp\/v2\/media\/12642"}],"wp:attachment":[{"href":"https:\/\/zonaroja.com.mx\/index.php?rest_route=%2Fwp%2Fv2%2Fmedia&parent=12641"}],"wp:term":[{"taxonomy":"category","embeddable":true,"href":"https:\/\/zonaroja.com.mx\/index.php?rest_route=%2Fwp%2Fv2%2Fcategories&post=12641"},{"taxonomy":"post_tag","embeddable":true,"href":"https:\/\/zonaroja.com.mx\/index.php?rest_route=%2Fwp%2Fv2%2Ftags&post=12641"}],"curies":[{"name":"wp","href":"https:\/\/api.w.org\/{rel}","templated":true}]}}