{"id":12648,"date":"2020-05-21T07:34:54","date_gmt":"2020-05-21T12:34:54","guid":{"rendered":"http:\/\/www.zonaroja.com.mx\/?p=12648"},"modified":"2020-05-21T09:37:01","modified_gmt":"2020-05-21T14:37:01","slug":"narra-mujer-medico-17-horas-de-retencion-en-la-joya-jacatepec","status":"publish","type":"post","link":"https:\/\/zonaroja.com.mx\/?p=12648","title":{"rendered":"Narra m\u00e9dica 17 horas de retenci\u00f3n en La Joya, Jacatepec"},"content":{"rendered":"\n<p>Redacci\u00f3n\/Zona Roja. Foto: \u00abEl Pi\u00f1ero\u00bb<\/p>\n\n\n\n<p>Oaxaca de\nJu\u00e1rez, Oax., 21 de mayo de 2020.- Despu\u00e9s de 17 horas, el personal m\u00e9dico y\npolicial retenido, fue liberado por pobladores de La Joya, agencia municipal de\nSanta Mar\u00eda Jacatepec.<\/p>\n\n\n\n<p>Sin\nembargo, sus vidas fueron puestas en peligro al retirarles los cubrebocas y\nexponerlos al contagio del Covid-19, pues uno de los habitantes hab\u00eda fallecido\npor el virus, lo cual los inconformes negaban la existencia.<\/p>\n\n\n\n<p>Michell\nL\u00f3pez Mel\u00e9ndez es m\u00e9dico cirujano egresada de la Facultad de Medicina y Cirug\u00eda\nde la UABJO, generaci\u00f3n 2011-2016 es una de las v\u00edctimas. Fung\u00eda como doctora en\nel DIF municipal de Jacatepec, municipio de la regi\u00f3n Cuenca de Oaxaca.<\/p>\n\n\n\n<p>\u201cFui\nprivada de mi libertad de manera ilegal por 17 horas, desde la tarde del d\u00eda de\nayer 19 de mayo a las 6 pm, hasta el d\u00eda de hoy 20 de mayo aproximadamente a\nlas 11 horas.<\/p>\n\n\n\n<p>\u201cJunto\nconmigo se encontraban tambi\u00e9n privados de su libertad mis compa\u00f1eros de\ntrabajo del departamento de salud municipal al igual que la MPSS Ivonne\nObrajero; esto por pobladores de la localidad que ya habr\u00e1n escuchado\u201d,\nescribi\u00f3 en su perfil de la red social Facebook.<\/p>\n\n\n\n<p>\u201cEscribo\nesto para notificar a familiares y amigos que han estado al pendiente que las\ncompa\u00f1eras y yo ya estamos fuera de la localidad, fuimos rescatadas por los\ncompa\u00f1eros del H. Ayuntamiento quienes se arriesgaron ante todo para\nliberarnos, desafortunadamente hasta el momento de nuestro rescate mis\ncompa\u00f1eros varones y los polic\u00edas municipales a\u00fan segu\u00edan retenidos.<\/p>\n\n\n\n<p>\u201cQuiero\nagradecer el apoyo y cari\u00f1o de todos ustedes, as\u00ed como reconocer y agradecer a\nlos compa\u00f1eros polic\u00edas municipales que estando retenidos con nosotras nos\nmantuvieron a salvo, siendo incluso barrera humana para salvaguardar nuestra\nintegridad a costa de la suya.<\/p>\n\n\n\n<p>\u201cExijo a\nlas autoridades correspondientes justicia por nosotros y por todo personal de\nsalud que ha sufrido una agresi\u00f3n de cualquier tipo\u201d, reclam\u00f3 la joven.<\/p>\n\n\n\n<p>Hasta\nanoche no se hab\u00eda informado de la situaci\u00f3n del resto del personal que se\nqued\u00f3 retenido en dicha comunidad, cuyos pobladores exigen al edil de Jacatepec\ny a las autoridades sanitarias, ofrecer una disculpa y retractarse de acusar\nque en La Joya hay Covid-19.<\/p>\n","protected":false},"excerpt":{"rendered":"<p>Redacci\u00f3n\/Zona Roja. Foto: \u00abEl Pi\u00f1ero\u00bb Oaxaca de Ju\u00e1rez, Oax., 21 de mayo de 2020.- Despu\u00e9s&hellip;<\/p>\n","protected":false},"author":2,"featured_media":12649,"comment_status":"closed","ping_status":"open","sticky":false,"template":"","format":"standard","meta":{"_lmt_disableupdate":"","_lmt_disable":"","_jetpack_memberships_contains_paid_content":false,"footnotes":""},"categories":[109,47],"tags":[1514],"class_list":["post-12648","post","type-post","status-publish","format-standard","has-post-thumbnail","hentry","category-minuto-a-minuto","category-zona-gris","tag-santa-maria-jacatepec"],"jetpack_featured_media_url":"https:\/\/zonaroja.com.mx\/wp-content\/uploads\/2020\/05\/Retenidos-Jacatepec.jpg","jetpack_sharing_enabled":true,"_links":{"self":[{"href":"https:\/\/zonaroja.com.mx\/index.php?rest_route=\/wp\/v2\/posts\/12648","targetHints":{"allow":["GET"]}}],"collection":[{"href":"https:\/\/zonaroja.com.mx\/index.php?rest_route=\/wp\/v2\/posts"}],"about":[{"href":"https:\/\/zonaroja.com.mx\/index.php?rest_route=\/wp\/v2\/types\/post"}],"author":[{"embeddable":true,"href":"https:\/\/zonaroja.com.mx\/index.php?rest_route=\/wp\/v2\/users\/2"}],"replies":[{"embeddable":true,"href":"https:\/\/zonaroja.com.mx\/index.php?rest_route=%2Fwp%2Fv2%2Fcomments&post=12648"}],"version-history":[{"count":2,"href":"https:\/\/zonaroja.com.mx\/index.php?rest_route=\/wp\/v2\/posts\/12648\/revisions"}],"predecessor-version":[{"id":12654,"href":"https:\/\/zonaroja.com.mx\/index.php?rest_route=\/wp\/v2\/posts\/12648\/revisions\/12654"}],"wp:featuredmedia":[{"embeddable":true,"href":"https:\/\/zonaroja.com.mx\/index.php?rest_route=\/wp\/v2\/media\/12649"}],"wp:attachment":[{"href":"https:\/\/zonaroja.com.mx\/index.php?rest_route=%2Fwp%2Fv2%2Fmedia&parent=12648"}],"wp:term":[{"taxonomy":"category","embeddable":true,"href":"https:\/\/zonaroja.com.mx\/index.php?rest_route=%2Fwp%2Fv2%2Fcategories&post=12648"},{"taxonomy":"post_tag","embeddable":true,"href":"https:\/\/zonaroja.com.mx\/index.php?rest_route=%2Fwp%2Fv2%2Ftags&post=12648"}],"curies":[{"name":"wp","href":"https:\/\/api.w.org\/{rel}","templated":true}]}}