{"id":12651,"date":"2020-05-21T07:42:03","date_gmt":"2020-05-21T12:42:03","guid":{"rendered":"http:\/\/www.zonaroja.com.mx\/?p=12651"},"modified":"2020-05-21T07:42:06","modified_gmt":"2020-05-21T12:42:06","slug":"violencia-de-genero-promovida-por-servidores-publicos-sera-sancionada","status":"publish","type":"post","link":"https:\/\/zonaroja.com.mx\/?p=12651","title":{"rendered":"Violencia de g\u00e9nero promovida por servidores p\u00fablicos ser\u00e1 sancionada"},"content":{"rendered":"\n<p>Redacci\u00f3n\/Zona\nRoja.<\/p>\n\n\n\n<p>Oaxaca de\nJu\u00e1rez, Oax., 21 de mayo de 2020.- Como faltas administrativas graves ser\u00e1n\nconsiderados los actos de violencia de g\u00e9nero contra las mujeres, la cual\naplicar\u00e1 para servidores p\u00fablicos en Oaxaca, con la reforma a la Ley de\nResponsabilidades Administrativas del Estado y Municipios de Oaxaca.<\/p>\n\n\n\n<p>As\u00ed lo\nplante\u00f3 la diputada Elisa Zepeda Lagunas, quien cit\u00f3 varios ejemplos de estas\nfaltas, como fue la difusi\u00f3n de un video difundido en medios de comunicaci\u00f3n presuntamente\npor integrantes del Instituto Nacional de Pueblos Ind\u00edgenas a trav\u00e9s de un\ngrupo de Whatsapp con fotos de mujeres de mujeres pertenecientes a comunidades\nmixes.<\/p>\n\n\n\n<p>De igual\nforma, el pasado 16 de mayo, trascendi\u00f3 en los medios de comunicaci\u00f3n el hecho\nde que el director del DIF del municipio de Z\u00f3ngolica, Yahir Xochicale Porras,\npide que ba\u00f1en con \u00e1cido a una mujer que hab\u00eda realizado cr\u00edticas contra el\nAyuntamiento. <\/p>\n\n\n\n<p>\u201c\u2026esa\nchica siempre escribe en contra\u2026\u201d \u201cPor eso ser\u00eda bueno que les muestren\u201d dice\nun primer mensaje del cual no aparece el nombre de quien lo escribi\u00f3 \u201cA ella\nb\u00e1\u00f1enla con \u00e1cido\u201d dice otro mensaje aparentemente enviado al grupo por Yahir\nXochicale en el chat denominado Gabinete Zongo 2018-2021.<\/p>\n\n\n\n<p>Tambi\u00e9n a\nnivel nacional, Jos\u00e9 Manuel Mireles Valverde, delegado estatal del ISSSTE en\nMichoac\u00e1n, llam\u00f3 \u201cpirujas\u201d a las parejas de los derechohabientes; el 10 de\nseptiembre del 2019 se refiri\u00f3 a las mujeres como \u201cnalguitas\u201d y luego dijo que\nesta \u00faltima palabra no fue de \u00e9l, pues el \u201cles llama de otra manera\u201d que \u201ca lo\nmejor es m\u00e1s fea\u201d.<\/p>\n\n\n\n<p>La\nlegisladora por el Partido Morena expuso que en todos los casos mencionados\nanteriormente, son servidores p\u00fablicos los que, de acuerdo con la Ley Estatal\nde Acceso de las Mujeres, incurren en violencia de g\u00e9nero.<\/p>\n\n\n\n<p>\u201cLos\nservidores p\u00fablicos son personas que no solo no deben ejercer violencia contra\nlas mujeres, sino que deben garantizar a las mujeres este derecho, tal como lo\nestablecen los diferentes instrumentos que el Estado Mexicano ha suscrito\u201d.<\/p>\n\n\n\n<p>Asever\u00f3\nque la presente iniciativa observa como problema y busca resolver la falta de disposiciones\nque sancionen a servidores p\u00fablicos que cometen violencia de g\u00e9nero en el estado\nde Oaxaca.<\/p>\n\n\n\n<p>Si bien\nlos casos mencionados en un principio constituyen apenas una muestra de la\ncosificaci\u00f3n de la vida y el cuerpo de las mujeres que prevalece en el contexto\nnacional, Oaxaca debe dar muestras de sensibilidad ante esta problem\u00e1tica,\na\u00f1adi\u00f3.<\/p>\n\n\n\n<p>Por ello\nse propone reformar la nomenclatura del Cap\u00edtulo I del T\u00edtulo Tercero y\nadicionar un p\u00e1rrafo al art\u00edculo 47 de la Ley de Responsabilidades\nAdministrativas del Estado y Municipios de Oaxaca, de la siguiente manera: <\/p>\n\n\n\n<p>Tambi\u00e9n\nse considerar\u00e1n como faltas administrativas graves de las y los servidores\np\u00fablicos los actos de violencia de g\u00e9nero cometidos contra las mujeres, de\nacuerdo a lo establecido por la Ley Estatal de Acceso de las Mujeres a una Vida\nLibre de Violencia de G\u00e9nero.<\/p>\n","protected":false},"excerpt":{"rendered":"<p>Redacci\u00f3n\/Zona Roja. Oaxaca de Ju\u00e1rez, Oax., 21 de mayo de 2020.- Como faltas administrativas graves&hellip;<\/p>\n","protected":false},"author":2,"featured_media":12652,"comment_status":"closed","ping_status":"open","sticky":false,"template":"","format":"standard","meta":{"_lmt_disableupdate":"","_lmt_disable":"","_jetpack_memberships_contains_paid_content":false,"footnotes":""},"categories":[109,47],"tags":[215],"class_list":["post-12651","post","type-post","status-publish","format-standard","has-post-thumbnail","hentry","category-minuto-a-minuto","category-zona-gris","tag-elisa-zepeda-lagunas"],"jetpack_featured_media_url":"https:\/\/zonaroja.com.mx\/wp-content\/uploads\/2020\/05\/Actos-de-violencia-de-ge\u0301nero-promovidos-por-servidorespu\u0301blicos-oaxaquen\u0303os-sera\u0301n-sancionados-a-propuesta-de-diputada.jpeg","jetpack_sharing_enabled":true,"_links":{"self":[{"href":"https:\/\/zonaroja.com.mx\/index.php?rest_route=\/wp\/v2\/posts\/12651","targetHints":{"allow":["GET"]}}],"collection":[{"href":"https:\/\/zonaroja.com.mx\/index.php?rest_route=\/wp\/v2\/posts"}],"about":[{"href":"https:\/\/zonaroja.com.mx\/index.php?rest_route=\/wp\/v2\/types\/post"}],"author":[{"embeddable":true,"href":"https:\/\/zonaroja.com.mx\/index.php?rest_route=\/wp\/v2\/users\/2"}],"replies":[{"embeddable":true,"href":"https:\/\/zonaroja.com.mx\/index.php?rest_route=%2Fwp%2Fv2%2Fcomments&post=12651"}],"version-history":[{"count":1,"href":"https:\/\/zonaroja.com.mx\/index.php?rest_route=\/wp\/v2\/posts\/12651\/revisions"}],"predecessor-version":[{"id":12653,"href":"https:\/\/zonaroja.com.mx\/index.php?rest_route=\/wp\/v2\/posts\/12651\/revisions\/12653"}],"wp:featuredmedia":[{"embeddable":true,"href":"https:\/\/zonaroja.com.mx\/index.php?rest_route=\/wp\/v2\/media\/12652"}],"wp:attachment":[{"href":"https:\/\/zonaroja.com.mx\/index.php?rest_route=%2Fwp%2Fv2%2Fmedia&parent=12651"}],"wp:term":[{"taxonomy":"category","embeddable":true,"href":"https:\/\/zonaroja.com.mx\/index.php?rest_route=%2Fwp%2Fv2%2Fcategories&post=12651"},{"taxonomy":"post_tag","embeddable":true,"href":"https:\/\/zonaroja.com.mx\/index.php?rest_route=%2Fwp%2Fv2%2Ftags&post=12651"}],"curies":[{"name":"wp","href":"https:\/\/api.w.org\/{rel}","templated":true}]}}