{"id":12655,"date":"2020-05-21T09:51:46","date_gmt":"2020-05-21T14:51:46","guid":{"rendered":"http:\/\/www.zonaroja.com.mx\/?p=12655"},"modified":"2020-05-21T09:51:48","modified_gmt":"2020-05-21T14:51:48","slug":"hasta-encontrarlas-marcharan-de-nuevo-por-desaparecidas-en-tuxtepec","status":"publish","type":"post","link":"https:\/\/zonaroja.com.mx\/?p=12655","title":{"rendered":"\u00a1Hasta encontrarlas! Marchar\u00e1n de nuevo por desaparecidas en Tuxtepec"},"content":{"rendered":"\n<p>Yuridiana\nSosa\/Zona Roja.<\/p>\n\n\n\n<p>Oaxaca de\nJu\u00e1rez, Oax., 21 de mayo de 2020.- F\u00e1tima, Itzel y Casandra est\u00e1n desaparecidas\ndesde hace varias semanas. Su ausencia duele y la espera es tortura para sus\nfamilias, quienes este viernes marchar\u00e1n para exigir a la Fiscal\u00eda General de\nOaxaca su inmediata localizaci\u00f3n.<\/p>\n\n\n\n<p>La ficha\nde b\u00fasqueda para cada una de ellas, como v\u00edctimas de la inseguridad en San Juan\nBautista Tuxtepec, sigue activa en la Unidad de B\u00fasqueda de Personas No\nLocalizadas y Desaparecidas de la FGO, pero los resultados sobre las\ninvestigaciones son insuficientes para dar con sus paraderos, se\u00f1ala cada una\nde las familias afectadas.<\/p>\n\n\n\n<p>Ante lo\nque consideran nula respuesta, el pr\u00f3ximo viernes familiares y amigos convocan\na una marcha en Tuxtepec para demandar justicia y localizaci\u00f3n para F\u00e1tima de\n18 a\u00f1os desaparecida el 2 de marzo; Itzel de 22 a\u00f1os el 14 de abril y Casandra\nde 23 a\u00f1os el pasado seis de mayo.<\/p>\n\n\n\n<p>\u201cTuxtepec\ndespierta, ni una m\u00e1s\u201d, dice la convocatoria, en la que tambi\u00e9n consideran\nmedidas preventivas ante la contingencia de Covid-19, pero que la ausencia de\nsus hijas, hermanas, amigas, compa\u00f1eras y madres de familia es dolorosa.<\/p>\n\n\n\n<p>El pasado\n6 de mayo, Casandra Ram\u00edrez de 23 a\u00f1os, fue reportada como desaparecida luego\nde asistir a una entrevista para un empleo en una colonia al norte de la\nciudad, en zona habitacional.<\/p>\n\n\n\n<p>El 14 de\nabril se report\u00f3 la no localizaci\u00f3n de Itzel Gonz\u00e1lez. Por su desaparici\u00f3n\nexiste una persona detenida como presunta responsable de los hechos, pero que\nno ha servido para la localizaci\u00f3n.<\/p>\n\n\n\n<p>F\u00e1tima\nPalacios, de 18 a\u00f1os de edad, fue vista por \u00faltima vez el pasado 5 de marzo, en\nla colonia Santa Fe, en el primer cuadro de la ciudad, en San Juan Bautista\nTuxtepec.<\/p>\n","protected":false},"excerpt":{"rendered":"<p>Yuridiana Sosa\/Zona Roja. Oaxaca de Ju\u00e1rez, Oax., 21 de mayo de 2020.- F\u00e1tima, Itzel y&hellip;<\/p>\n","protected":false},"author":2,"featured_media":12656,"comment_status":"closed","ping_status":"open","sticky":false,"template":"","format":"standard","meta":{"_lmt_disableupdate":"","_lmt_disable":"","_jetpack_memberships_contains_paid_content":false,"footnotes":""},"categories":[109,47],"tags":[1705],"class_list":["post-12655","post","type-post","status-publish","format-standard","has-post-thumbnail","hentry","category-minuto-a-minuto","category-zona-gris","tag-desaparecidas-san-juan-bautista-tuxtepec"],"jetpack_featured_media_url":"https:\/\/zonaroja.com.mx\/wp-content\/uploads\/2020\/05\/d7391f06-b677-4a3a-a031-07ce110b7027.jpg","jetpack_sharing_enabled":true,"_links":{"self":[{"href":"https:\/\/zonaroja.com.mx\/index.php?rest_route=\/wp\/v2\/posts\/12655","targetHints":{"allow":["GET"]}}],"collection":[{"href":"https:\/\/zonaroja.com.mx\/index.php?rest_route=\/wp\/v2\/posts"}],"about":[{"href":"https:\/\/zonaroja.com.mx\/index.php?rest_route=\/wp\/v2\/types\/post"}],"author":[{"embeddable":true,"href":"https:\/\/zonaroja.com.mx\/index.php?rest_route=\/wp\/v2\/users\/2"}],"replies":[{"embeddable":true,"href":"https:\/\/zonaroja.com.mx\/index.php?rest_route=%2Fwp%2Fv2%2Fcomments&post=12655"}],"version-history":[{"count":1,"href":"https:\/\/zonaroja.com.mx\/index.php?rest_route=\/wp\/v2\/posts\/12655\/revisions"}],"predecessor-version":[{"id":12657,"href":"https:\/\/zonaroja.com.mx\/index.php?rest_route=\/wp\/v2\/posts\/12655\/revisions\/12657"}],"wp:featuredmedia":[{"embeddable":true,"href":"https:\/\/zonaroja.com.mx\/index.php?rest_route=\/wp\/v2\/media\/12656"}],"wp:attachment":[{"href":"https:\/\/zonaroja.com.mx\/index.php?rest_route=%2Fwp%2Fv2%2Fmedia&parent=12655"}],"wp:term":[{"taxonomy":"category","embeddable":true,"href":"https:\/\/zonaroja.com.mx\/index.php?rest_route=%2Fwp%2Fv2%2Fcategories&post=12655"},{"taxonomy":"post_tag","embeddable":true,"href":"https:\/\/zonaroja.com.mx\/index.php?rest_route=%2Fwp%2Fv2%2Ftags&post=12655"}],"curies":[{"name":"wp","href":"https:\/\/api.w.org\/{rel}","templated":true}]}}