{"id":12661,"date":"2020-05-21T11:33:25","date_gmt":"2020-05-21T16:33:25","guid":{"rendered":"http:\/\/www.zonaroja.com.mx\/?p=12661"},"modified":"2020-05-21T11:33:28","modified_gmt":"2020-05-21T16:33:28","slug":"hasta-director-del-hospital-del-issste-tiene-covid-lo-reemplazan","status":"publish","type":"post","link":"https:\/\/zonaroja.com.mx\/?p=12661","title":{"rendered":"Hasta director del hospital del ISSSTE tiene Covid; lo reemplazan"},"content":{"rendered":"\n<p>Redacci\u00f3n\/Zona\nRoja.<\/p>\n\n\n\n<p>Oaxaca de\nJu\u00e1rez, Oax., 21 de mayo de 2020.- Las escasas condiciones de seguridad\nsanitaria para el personal de salud del ISSSTE afect\u00f3 hasta al director del\nhospital, Jes\u00fas Gonz\u00e1lez L\u00f3pez, quien dio positivo al Covid-19 desde el pasado\ndomingo.<\/p>\n\n\n\n<p>De\nacuerdo con fuentes de la delegaci\u00f3n, el m\u00e9dico se resguarda en su domicilio y\nhasta ahora no ha requerido atenci\u00f3n hospitalaria.<\/p>\n\n\n\n<p>El\ndirector forma parte de la estad\u00edstica de al menos una veintena de trabajadores\nde dicho nosocomio, donde reiteradamente han denunciado falta de insumos y\nequipos para atender a los pacientes con coronavirus.<\/p>\n\n\n\n<p>Incluso\nuno de ellos los agredi\u00f3 &#8211;ex funcionario de los Servicios de Salud&#8211; e intent\u00f3\ninfectarlos, por lo cual fue denunciado.<\/p>\n\n\n\n<p>En tanto,\nel director general del ISSSTE, Luis Antonio Ram\u00edrez Pineda &#8211;oaxaque\u00f1o, hijo\ndel ex gobernador Heladio Ram\u00edrez L\u00f3pez, quien ha desde\u00f1ado la problem\u00e1tica en\nsu estado natal&#8211;, design\u00f3 mediante oficio a Luis Seraf\u00edn Alc\u00e1zar \u00c1lvarez como\nencargado temporal de la direcci\u00f3n del Hospital Regional \u201cPresidente Ju\u00e1rez\u201d,\nubicado en la ciudad de Oaxaca.<\/p>\n\n\n\n<p>CONFIRMAN\nESCAPE DE PACIENTE<\/p>\n\n\n\n<p>Por otra\nparte, fuentes del comit\u00e9 ejecutivo de la Secci\u00f3n 35 del Sindicato Nacional de\nTrabajadores de la Secretar\u00eda de Salud en Oaxaca confirmaron la fuga de un\npaciente, la noche del martes, del Hospital General \u201cDr. Aurelio Valdivieso\u201d,\ndependiente de los Servicios de Salud de Oaxaca.<\/p>\n\n\n\n<p>Ayer por\nla ma\u00f1ana, fue localizado por personal de seguridad, en la calle Almendros de\nla colonia Reforma, ciudad de Oaxaca, y fue convencido de retornar al\nnosocomio. Se hab\u00eda retirado, dijo, ya que no recib\u00eda atenci\u00f3n m\u00e9dica adecuada.<\/p>\n","protected":false},"excerpt":{"rendered":"<p>Redacci\u00f3n\/Zona Roja. Oaxaca de Ju\u00e1rez, Oax., 21 de mayo de 2020.- Las escasas condiciones de&hellip;<\/p>\n","protected":false},"author":2,"featured_media":12662,"comment_status":"closed","ping_status":"open","sticky":false,"template":"","format":"standard","meta":{"_lmt_disableupdate":"","_lmt_disable":"","_jetpack_memberships_contains_paid_content":false,"footnotes":""},"categories":[109,47],"tags":[1706],"class_list":["post-12661","post","type-post","status-publish","format-standard","has-post-thumbnail","hentry","category-minuto-a-minuto","category-zona-gris","tag-hospital-presidente-juarez-del-issste"],"jetpack_featured_media_url":"https:\/\/zonaroja.com.mx\/wp-content\/uploads\/2020\/05\/Hospital-ISSSTE-1.png","jetpack_sharing_enabled":true,"_links":{"self":[{"href":"https:\/\/zonaroja.com.mx\/index.php?rest_route=\/wp\/v2\/posts\/12661","targetHints":{"allow":["GET"]}}],"collection":[{"href":"https:\/\/zonaroja.com.mx\/index.php?rest_route=\/wp\/v2\/posts"}],"about":[{"href":"https:\/\/zonaroja.com.mx\/index.php?rest_route=\/wp\/v2\/types\/post"}],"author":[{"embeddable":true,"href":"https:\/\/zonaroja.com.mx\/index.php?rest_route=\/wp\/v2\/users\/2"}],"replies":[{"embeddable":true,"href":"https:\/\/zonaroja.com.mx\/index.php?rest_route=%2Fwp%2Fv2%2Fcomments&post=12661"}],"version-history":[{"count":1,"href":"https:\/\/zonaroja.com.mx\/index.php?rest_route=\/wp\/v2\/posts\/12661\/revisions"}],"predecessor-version":[{"id":12663,"href":"https:\/\/zonaroja.com.mx\/index.php?rest_route=\/wp\/v2\/posts\/12661\/revisions\/12663"}],"wp:featuredmedia":[{"embeddable":true,"href":"https:\/\/zonaroja.com.mx\/index.php?rest_route=\/wp\/v2\/media\/12662"}],"wp:attachment":[{"href":"https:\/\/zonaroja.com.mx\/index.php?rest_route=%2Fwp%2Fv2%2Fmedia&parent=12661"}],"wp:term":[{"taxonomy":"category","embeddable":true,"href":"https:\/\/zonaroja.com.mx\/index.php?rest_route=%2Fwp%2Fv2%2Fcategories&post=12661"},{"taxonomy":"post_tag","embeddable":true,"href":"https:\/\/zonaroja.com.mx\/index.php?rest_route=%2Fwp%2Fv2%2Ftags&post=12661"}],"curies":[{"name":"wp","href":"https:\/\/api.w.org\/{rel}","templated":true}]}}