{"id":12664,"date":"2020-05-21T11:42:32","date_gmt":"2020-05-21T16:42:32","guid":{"rendered":"http:\/\/www.zonaroja.com.mx\/?p=12664"},"modified":"2020-05-21T11:43:00","modified_gmt":"2020-05-21T16:43:00","slug":"otro-policia-municipal-de-la-capital-fallece-victima-de-covid-19","status":"publish","type":"post","link":"https:\/\/zonaroja.com.mx\/?p=12664","title":{"rendered":"Otro polic\u00eda municipal de la capital fallece v\u00edctima de Covid-19"},"content":{"rendered":"\n<p>Yuridiana Sosa\/Zona Roja. Foto: Cortes\u00eda<\/p>\n\n\n\n<p>Oaxaca de\nJu\u00e1rez, Oax., 21 de mayo de 2020.- Elementos de la Polic\u00eda Municipal de Oaxaca\nde Ju\u00e1rez reportaron esta ma\u00f1ana la defunci\u00f3n de un segundo compa\u00f1ero, tras\npadecer Covid-19 y permanecer hospitalizado.<\/p>\n\n\n\n<p>La muerte\ndel efectivo municipal, identificado como Josu\u00e9 H.L, es la segunda que se\nregistra dentro de la corporaci\u00f3n en el transcurso de tres d\u00edas, luego que el\npasado lunes ocurri\u00f3 la primera.<\/p>\n\n\n\n<p>Los\nelementos denunciaron que a pesar de la situaci\u00f3n de contagios en la Polic\u00eda\nMunicipal, el presidente de Oaxaca de Ju\u00e1rez, Oswaldo Garc\u00eda Jarqu\u00edn, trata de\nocultar los casos, as\u00ed como les niega apoyos.<\/p>\n\n\n\n<p>Ante un\nsegundo deceso, la preocupaci\u00f3n en la corporaci\u00f3n es mayor, pues no existen\ninsumos de protecci\u00f3n para quienes laboran desde la v\u00eda p\u00fablica, mientras que,\ncon base en informaci\u00f3n que han vertido, existen al menos otros 12 elementos\ncon sospecha de estar contagiados.<\/p>\n\n\n\n<p>Desde el\nfin de semana, los polic\u00edas municipales se han manifestado para exhibir las\nirregularidades del ayuntamiento de Garc\u00eda Jarqu\u00edn, situaci\u00f3n por la que\ntambi\u00e9n han enfrentado represalias. <\/p>\n\n\n\n<p>Al inicio\nde la pandemia en la entidad, con los primeros brotes en los Valles Centrales,\nel edil morenista de la capital orden\u00f3 a los elementos cumplir con nuevas\nfunciones de apoyo para mantener el orden en la v\u00eda p\u00fablica con relaci\u00f3n a la\nsana distancia.<\/p>\n\n\n\n<p>De\nacuerdo con los Servicios de Salud de Oaxaca, a la fecha la capital registra\n172 casos positivos a Covid-19, 16 de ellos reportados en las \u00faltimas 24 horas,\ny 13 fallecimientos.<\/p>\n","protected":false},"excerpt":{"rendered":"<p>Yuridiana Sosa\/Zona Roja. Foto: Cortes\u00eda Oaxaca de Ju\u00e1rez, Oax., 21 de mayo de 2020.- Elementos&hellip;<\/p>\n","protected":false},"author":2,"featured_media":12665,"comment_status":"closed","ping_status":"open","sticky":false,"template":"","format":"standard","meta":{"_lmt_disableupdate":"","_lmt_disable":"","_jetpack_memberships_contains_paid_content":false,"footnotes":""},"categories":[1],"tags":[],"class_list":["post-12664","post","type-post","status-publish","format-standard","has-post-thumbnail","hentry","category-sin-categoria"],"jetpack_featured_media_url":"https:\/\/zonaroja.com.mx\/wp-content\/uploads\/2020\/05\/Muerte-polic\u00eda.jpg","jetpack_sharing_enabled":true,"_links":{"self":[{"href":"https:\/\/zonaroja.com.mx\/index.php?rest_route=\/wp\/v2\/posts\/12664","targetHints":{"allow":["GET"]}}],"collection":[{"href":"https:\/\/zonaroja.com.mx\/index.php?rest_route=\/wp\/v2\/posts"}],"about":[{"href":"https:\/\/zonaroja.com.mx\/index.php?rest_route=\/wp\/v2\/types\/post"}],"author":[{"embeddable":true,"href":"https:\/\/zonaroja.com.mx\/index.php?rest_route=\/wp\/v2\/users\/2"}],"replies":[{"embeddable":true,"href":"https:\/\/zonaroja.com.mx\/index.php?rest_route=%2Fwp%2Fv2%2Fcomments&post=12664"}],"version-history":[{"count":2,"href":"https:\/\/zonaroja.com.mx\/index.php?rest_route=\/wp\/v2\/posts\/12664\/revisions"}],"predecessor-version":[{"id":12667,"href":"https:\/\/zonaroja.com.mx\/index.php?rest_route=\/wp\/v2\/posts\/12664\/revisions\/12667"}],"wp:featuredmedia":[{"embeddable":true,"href":"https:\/\/zonaroja.com.mx\/index.php?rest_route=\/wp\/v2\/media\/12665"}],"wp:attachment":[{"href":"https:\/\/zonaroja.com.mx\/index.php?rest_route=%2Fwp%2Fv2%2Fmedia&parent=12664"}],"wp:term":[{"taxonomy":"category","embeddable":true,"href":"https:\/\/zonaroja.com.mx\/index.php?rest_route=%2Fwp%2Fv2%2Fcategories&post=12664"},{"taxonomy":"post_tag","embeddable":true,"href":"https:\/\/zonaroja.com.mx\/index.php?rest_route=%2Fwp%2Fv2%2Ftags&post=12664"}],"curies":[{"name":"wp","href":"https:\/\/api.w.org\/{rel}","templated":true}]}}