{"id":12674,"date":"2020-05-21T16:55:26","date_gmt":"2020-05-21T21:55:26","guid":{"rendered":"https:\/\/www.zonaroja.com.mx\/?p=12674"},"modified":"2020-05-21T16:55:29","modified_gmt":"2020-05-21T21:55:29","slug":"detienen-a-dirigentes-de-transportistas-catem-joven-juan-a-ivan-l-v","status":"publish","type":"post","link":"https:\/\/zonaroja.com.mx\/?p=12674","title":{"rendered":"Detienen a dirigentes de transportistas CATEM Joven, Juan a Iv\u00e1n L. V."},"content":{"rendered":"\n<p> Redacci\u00f3n\/Zona Roja. <\/p>\n\n\n\n<p>Oaxaca de Ju\u00e1rez, Oax., 21 de mayo de 2020.- Juan e Iv\u00e1n L. V., dirigentes del autodenominado sindicato de transportistas CATEM Joven, fueron aprehendidos este jueves por elementos de diversas corporaciones policiacas. <\/p>\n\n\n\n<p>Fuentes de la Fiscal\u00eda General del Estado adelantaron que al mediod\u00eda de hoy se efectu\u00f3 un operativo en jurisdicci\u00f3n de Santa Mar\u00eda El Tule, Oaxaca, donde adem\u00e1s fueron detenidas otras tres personas. <\/p>\n\n\n\n<p>La aplicaci\u00f3n de ordenes de aprehensi\u00f3n ocurri\u00f3 tras detonaciones de armas de fuego en el municipio, donde procedieron al arresto de Iv\u00e1n y despu\u00e9s de Juan, ambos dirigentes del Sindicato Libertad, que hoy se denominan CATEM Joven, as\u00ed como de sus escoltas, siendo trasladados ante la autoridad ministerial.<\/p>\n\n\n\n<p>Mototaxistas y taxistas al enterarse del arresto de su dirigente empezaron a bloquear el crucero de Plaza Bella en la agencia municipal de Montoya y posteriormente la carretera federal 175, en el crucero de La Experimental en San Antonio de la Cal.<\/p>\n\n\n\n<p>Pese a ello los detenidos fueron puestos a disposici\u00f3n del Ministerio P\u00fablico. <\/p>\n\n\n\n<p>En enero de este a\u00f1o, la residencia de los hermanos fue cateada por personal de la Fiscal\u00eda General del Estado luego de una balacera entre transportistas en Santa Luc\u00eda del Camino y se aseguraron animales ex\u00f3ticos y veh\u00edculos con reporte de robo.<\/p>\n\n\n\n<p>De igual forma, el 23 de marzo del a\u00f1o en curso, en una taquer\u00eda ubicada en la calzada H\u00e9roes de Chapultepec atacaron a balazos a tres futbolistas, lo cual fue difundido en video, captado por una c\u00e1mara del negocio del lugar.<\/p>\n\n\n\n<p>Ambos eran pr\u00f3fugos de la justicia y presuntamente se escond\u00edan en otra entidad; incluso hab\u00edan divulgado un video donde se dec\u00edan perseguida por la ley. <\/p>\n","protected":false},"excerpt":{"rendered":"<p>Redacci\u00f3n\/Zona Roja. Oaxaca de Ju\u00e1rez, Oax., 21 de mayo de 2020.- Juan e Iv\u00e1n L.&hellip;<\/p>\n","protected":false},"author":2,"featured_media":12673,"comment_status":"closed","ping_status":"open","sticky":false,"template":"","format":"standard","meta":{"_lmt_disableupdate":"","_lmt_disable":"","_jetpack_memberships_contains_paid_content":false,"footnotes":""},"categories":[109,47],"tags":[],"class_list":["post-12674","post","type-post","status-publish","format-standard","has-post-thumbnail","hentry","category-minuto-a-minuto","category-zona-gris"],"jetpack_featured_media_url":"https:\/\/zonaroja.com.mx\/wp-content\/uploads\/2020\/05\/img_2380.jpg","jetpack_sharing_enabled":true,"_links":{"self":[{"href":"https:\/\/zonaroja.com.mx\/index.php?rest_route=\/wp\/v2\/posts\/12674","targetHints":{"allow":["GET"]}}],"collection":[{"href":"https:\/\/zonaroja.com.mx\/index.php?rest_route=\/wp\/v2\/posts"}],"about":[{"href":"https:\/\/zonaroja.com.mx\/index.php?rest_route=\/wp\/v2\/types\/post"}],"author":[{"embeddable":true,"href":"https:\/\/zonaroja.com.mx\/index.php?rest_route=\/wp\/v2\/users\/2"}],"replies":[{"embeddable":true,"href":"https:\/\/zonaroja.com.mx\/index.php?rest_route=%2Fwp%2Fv2%2Fcomments&post=12674"}],"version-history":[{"count":1,"href":"https:\/\/zonaroja.com.mx\/index.php?rest_route=\/wp\/v2\/posts\/12674\/revisions"}],"predecessor-version":[{"id":12675,"href":"https:\/\/zonaroja.com.mx\/index.php?rest_route=\/wp\/v2\/posts\/12674\/revisions\/12675"}],"wp:featuredmedia":[{"embeddable":true,"href":"https:\/\/zonaroja.com.mx\/index.php?rest_route=\/wp\/v2\/media\/12673"}],"wp:attachment":[{"href":"https:\/\/zonaroja.com.mx\/index.php?rest_route=%2Fwp%2Fv2%2Fmedia&parent=12674"}],"wp:term":[{"taxonomy":"category","embeddable":true,"href":"https:\/\/zonaroja.com.mx\/index.php?rest_route=%2Fwp%2Fv2%2Fcategories&post=12674"},{"taxonomy":"post_tag","embeddable":true,"href":"https:\/\/zonaroja.com.mx\/index.php?rest_route=%2Fwp%2Fv2%2Ftags&post=12674"}],"curies":[{"name":"wp","href":"https:\/\/api.w.org\/{rel}","templated":true}]}}