{"id":12676,"date":"2020-05-21T18:25:25","date_gmt":"2020-05-21T23:25:25","guid":{"rendered":"http:\/\/www.zonaroja.com.mx\/?p=12676"},"modified":"2020-05-21T18:25:28","modified_gmt":"2020-05-21T23:25:28","slug":"exige-uabjo-respeto-a-personal-medico-egresado-de-la-institucion","status":"publish","type":"post","link":"https:\/\/zonaroja.com.mx\/?p=12676","title":{"rendered":"Exige UABJO respeto a personal m\u00e9dico egresado de la instituci\u00f3n"},"content":{"rendered":"\n<p>Evlin\nArag\u00f3n\/Zona Roja.<\/p>\n\n\n\n<p>Oaxaca de\nJu\u00e1rez, Oax., 21 de mayo de 2020.- El rector de la Universidad Aut\u00f3noma \u201cBenito\nJu\u00e1rez\u201d de Oaxaca, Eduardo Bautista Mart\u00ednez, exigi\u00f3 seguridad y respeto para\nel personal m\u00e9dico que se encuentra brindando atenci\u00f3n en las distintas\ncl\u00ednicas, hospitales y centros de salud, derivado de la contingencia sanitaria\npor Covid-19.<\/p>\n\n\n\n<p>Lo\nanterior, luego que una m\u00e9dica pasante del servicio social en Oaxaca fuera\nretenida en la comunidad de La Joya, perteneciente al municipio de Santa Mar\u00eda Jacatepec,\nen la regi\u00f3n de la Cuenca del Papaloapan, acusada de emitir un diagn\u00f3stico\nm\u00e9dico err\u00f3neo de una persona que falleci\u00f3 por Covid-19 en la localidad.<\/p>\n\n\n\n<p>Mediante un documento, la m\u00e1xima autoridad universitaria pidi\u00f3 al Presidente de la Rep\u00fablica, Andr\u00e9s Manuel L\u00f3pez Obrador, y a las autoridades estatales encabezadas por el gobernador Alejandro Murat, el fiscal Rub\u00e9n Vasconcelos y el secretario de Salud, Donato Casas, garantizar la integridad f\u00edsica del personal del \u00e1rea blanca que desarrollan una importante labor en estos momentos.<\/p>\n\n\n\n<figure class=\"wp-block-embed-twitter wp-block-embed is-type-rich is-provider-twitter\"><div class=\"wp-block-embed__wrapper\">\n<div class=\"twitter-tweet\"><blockquote class=\"twitter-tweet\" data-lang=\"es\"><p lang=\"es\" dir=\"ltr\"><a href=\"https:\/\/twitter.com\/hashtag\/ComunicadoOficial?src=hash&amp;ref_src=twsrc%5Etfw\">#ComunicadoOficial<\/a> Ante las agresiones, actos de discriminaci\u00f3n y ataques a la integridad de que ha sido objeto el personal del \u00e1rea blanca que brinda atenci\u00f3n en hospitales, cl\u00ednicas y centros de salud, pedimos solidaridad y exigimos respeto a su integridad <a href=\"https:\/\/twitter.com\/Bautistaeduardo?ref_src=twsrc%5Etfw\">@Bautistaeduardo<\/a> <a href=\"https:\/\/t.co\/POIJQZqyGH\">pic.twitter.com\/POIJQZqyGH<\/a><\/p>&mdash; Comunicaci\u00f3nUABJO (@comunica_UABJO) <a href=\"https:\/\/twitter.com\/comunica_UABJO\/status\/1263290956037718016?ref_src=twsrc%5Etfw\">21 de mayo de 2020<\/a><\/blockquote><\/div>\n<\/div><\/figure>\n\n\n\n<p>Bautista\nMart\u00ednez pidi\u00f3 que se sancione de forma ejemplar a quienes agredan al personal\nm\u00e9dico y record\u00f3 qu\u00e9 hay una reforma reci\u00e9n aprobada por el Congreso de Oaxaca\npara castigar hasta con seis a\u00f1os de presi\u00f3n a quien cometa un delito contra\npersonal m\u00e9dico y de enfermer\u00eda en el contexto de la emergencia sanitaria,\nperiodo en que podr\u00edan aumentar las penas.<\/p>\n\n\n\n<p>\u201cEs una\npreocupaci\u00f3n constante de nuestra m\u00e1xima casa de estudios, el garantizar el\nrespeto irrestricto a los derechos humanos, civiles y laborales de las y los\nm\u00e9dicos internos, de pre grado y pasantes de servicio social de nuestra\ninstituci\u00f3n\u201d, refiri\u00f3.<\/p>\n\n\n\n<p>Finalmente,\nhizo un llamado a la sociedad en general a ser sensible, respetar y garantizar\nla integridad y la vida, as\u00ed como ayudar en la indispensable labor que realiza\nla comunidad de profesionales de las diversas \u00e1reas blancas de la Universidad\nen beneficio de la salud de las y los oaxaque\u00f1os.<\/p>\n\n\n\n<p>\u201cLas y\nlos trabajadores de salud requieren de la colaboraci\u00f3n, solidaridad, seguridad\ny el respeto de la sociedad a la cual protegen con ah\u00ednco, d\u00eda a d\u00eda en esta\npandemia mundial\u201d, concluy\u00f3.<\/p>\n","protected":false},"excerpt":{"rendered":"<p>Evlin Arag\u00f3n\/Zona Roja. Oaxaca de Ju\u00e1rez, Oax., 21 de mayo de 2020.- El rector de&hellip;<\/p>\n","protected":false},"author":2,"featured_media":12677,"comment_status":"closed","ping_status":"open","sticky":false,"template":"","format":"standard","meta":{"_lmt_disableupdate":"","_lmt_disable":"","_jetpack_memberships_contains_paid_content":false,"footnotes":""},"categories":[109,47],"tags":[360,282],"class_list":["post-12676","post","type-post","status-publish","format-standard","has-post-thumbnail","hentry","category-minuto-a-minuto","category-zona-gris","tag-rector-eduardo-bautista-martinez","tag-universidad-autonoma-benito-juarez-de-oaxaca"],"jetpack_featured_media_url":"https:\/\/zonaroja.com.mx\/wp-content\/uploads\/2020\/05\/Eduardo-Bautista.jpg","jetpack_sharing_enabled":true,"_links":{"self":[{"href":"https:\/\/zonaroja.com.mx\/index.php?rest_route=\/wp\/v2\/posts\/12676","targetHints":{"allow":["GET"]}}],"collection":[{"href":"https:\/\/zonaroja.com.mx\/index.php?rest_route=\/wp\/v2\/posts"}],"about":[{"href":"https:\/\/zonaroja.com.mx\/index.php?rest_route=\/wp\/v2\/types\/post"}],"author":[{"embeddable":true,"href":"https:\/\/zonaroja.com.mx\/index.php?rest_route=\/wp\/v2\/users\/2"}],"replies":[{"embeddable":true,"href":"https:\/\/zonaroja.com.mx\/index.php?rest_route=%2Fwp%2Fv2%2Fcomments&post=12676"}],"version-history":[{"count":1,"href":"https:\/\/zonaroja.com.mx\/index.php?rest_route=\/wp\/v2\/posts\/12676\/revisions"}],"predecessor-version":[{"id":12678,"href":"https:\/\/zonaroja.com.mx\/index.php?rest_route=\/wp\/v2\/posts\/12676\/revisions\/12678"}],"wp:featuredmedia":[{"embeddable":true,"href":"https:\/\/zonaroja.com.mx\/index.php?rest_route=\/wp\/v2\/media\/12677"}],"wp:attachment":[{"href":"https:\/\/zonaroja.com.mx\/index.php?rest_route=%2Fwp%2Fv2%2Fmedia&parent=12676"}],"wp:term":[{"taxonomy":"category","embeddable":true,"href":"https:\/\/zonaroja.com.mx\/index.php?rest_route=%2Fwp%2Fv2%2Fcategories&post=12676"},{"taxonomy":"post_tag","embeddable":true,"href":"https:\/\/zonaroja.com.mx\/index.php?rest_route=%2Fwp%2Fv2%2Ftags&post=12676"}],"curies":[{"name":"wp","href":"https:\/\/api.w.org\/{rel}","templated":true}]}}