{"id":12692,"date":"2020-05-21T22:07:54","date_gmt":"2020-05-22T03:07:54","guid":{"rendered":"http:\/\/www.zonaroja.com.mx\/?p=12692"},"modified":"2020-05-21T22:07:57","modified_gmt":"2020-05-22T03:07:57","slug":"denuncian-a-medicos-de-hospitales-de-huajuapan-por-negligencia","status":"publish","type":"post","link":"https:\/\/zonaroja.com.mx\/?p=12692","title":{"rendered":"Denuncian a m\u00e9dicos de hospitales de Huajuapan por negligencia"},"content":{"rendered":"\n<p>Ismael Garc\u00eda\nM.\/Zona Roja. Foto: Igavec<\/p>\n\n\n\n<p>Oaxaca de\nJu\u00e1rez, Oax., 21 de mayo de 2020.- Familiares de una mujer que muri\u00f3 a causa\ndel Covid-19, denunciaron a directivos de dos hospitales p\u00fablicos y uno privado\nde Huajuapan de Le\u00f3n, por probable negligencia m\u00e9dica en la atenci\u00f3n del\npaciente.<\/p>\n\n\n\n<p>Hace poco\nm\u00e1s de una semana, la se\u00f1ora Roc\u00edo Ram\u00edrez Lima falleci\u00f3 tras dar a luz a su\nhijo; sin embargo, seg\u00fan sus allegados, tanto en un hospital privado como los\np\u00fablicos de esa ciudad de la regi\u00f3n Mixteca, fueron omisos y negligentes.<\/p>\n\n\n\n<p>Marcos A.\nS. present\u00f3 la denuncia ante la Vicefiscal\u00eda Regional de la Mixteca, que abri\u00f3\nla Carpeta de Investigaci\u00f3n n\u00famero 16121\/FMIX\/HUAJUAPAN\/2020.<\/p>\n\n\n\n<p>En dicho\nlegajo est\u00e1n se\u00f1alados el hospital \u201cDra. Pilar S\u00e1nchez Villavicencio\u201d, de los\nServicios de Salud de Oaxaca; el hospital del Instituto Mexicano del Seguro\nSocial y el hospital privado Jardines del Sur, bajo el probable delito de\nresponsabilidad m\u00e9dica y t\u00e9cnica.<\/p>\n\n\n\n<p>SE QUEJAN\nEN ISSSTE<\/p>\n\n\n\n<p>Mientras\ntanto, trabajadores del hospital del ISSSTE en Huajuapan, denunciaron que pese\na registrarse el pasado 13 de mayo varios casos positivos a Covid-19 en el\npersonal de dicho nosocomio, a la mayor\u00eda de los dem\u00e1s trabajadores no se le han\naplicado las pruebas correspondientes.<\/p>\n\n\n\n<p>\u201cHasta el\nd\u00eda de hoy a ning\u00fan trabajador y trabajadora que fuimos expuestos a pacientes\nconfirmados de Covid por falta de protocolos y equipo de protecci\u00f3n, no se nos\nha realizado la prueba de patolog\u00eda, como lo ha manifestado la Jurisdicci\u00f3n\nSanitaria 5\u201d, expusieron en un documento.<\/p>\n\n\n\n<p>\u201cMucho\nmenos nos han realizado el tr\u00e1mite correspondiente de riesgo de trabajo o\nprobable enfermedad de trabajo, argumentando que se realiza hasta que salga\nalguien positivo, lo cual es totalmente incongruente ya que no nos han\nrealizado la prueba\u201d, se\u00f1alaron.<\/p>\n\n\n\n<p>Ante\nello, anunciaron que recurrir\u00e1n a las v\u00edas legales para hacer valer sus\nderechos al tiempo de insistir que a la fecha no cuentan con la infraestructura\nf\u00edsica adecuada ni con el personal m\u00e9dico y de enfermer\u00eda para ser un hospital\nde reconversi\u00f3n Covid-19.<\/p>\n","protected":false},"excerpt":{"rendered":"<p>Ismael Garc\u00eda M.\/Zona Roja. Foto: Igavec Oaxaca de Ju\u00e1rez, Oax., 21 de mayo de 2020.-&hellip;<\/p>\n","protected":false},"author":2,"featured_media":12693,"comment_status":"closed","ping_status":"open","sticky":false,"template":"","format":"standard","meta":{"_lmt_disableupdate":"","_lmt_disable":"","_jetpack_memberships_contains_paid_content":false,"footnotes":""},"categories":[109,47],"tags":[594],"class_list":["post-12692","post","type-post","status-publish","format-standard","has-post-thumbnail","hentry","category-minuto-a-minuto","category-zona-gris","tag-huajuapan-de-leon"],"jetpack_featured_media_url":"https:\/\/zonaroja.com.mx\/wp-content\/uploads\/2020\/05\/8e45cba2-942c-49e4-9865-49e102430699.jpg","jetpack_sharing_enabled":true,"_links":{"self":[{"href":"https:\/\/zonaroja.com.mx\/index.php?rest_route=\/wp\/v2\/posts\/12692","targetHints":{"allow":["GET"]}}],"collection":[{"href":"https:\/\/zonaroja.com.mx\/index.php?rest_route=\/wp\/v2\/posts"}],"about":[{"href":"https:\/\/zonaroja.com.mx\/index.php?rest_route=\/wp\/v2\/types\/post"}],"author":[{"embeddable":true,"href":"https:\/\/zonaroja.com.mx\/index.php?rest_route=\/wp\/v2\/users\/2"}],"replies":[{"embeddable":true,"href":"https:\/\/zonaroja.com.mx\/index.php?rest_route=%2Fwp%2Fv2%2Fcomments&post=12692"}],"version-history":[{"count":1,"href":"https:\/\/zonaroja.com.mx\/index.php?rest_route=\/wp\/v2\/posts\/12692\/revisions"}],"predecessor-version":[{"id":12694,"href":"https:\/\/zonaroja.com.mx\/index.php?rest_route=\/wp\/v2\/posts\/12692\/revisions\/12694"}],"wp:featuredmedia":[{"embeddable":true,"href":"https:\/\/zonaroja.com.mx\/index.php?rest_route=\/wp\/v2\/media\/12693"}],"wp:attachment":[{"href":"https:\/\/zonaroja.com.mx\/index.php?rest_route=%2Fwp%2Fv2%2Fmedia&parent=12692"}],"wp:term":[{"taxonomy":"category","embeddable":true,"href":"https:\/\/zonaroja.com.mx\/index.php?rest_route=%2Fwp%2Fv2%2Fcategories&post=12692"},{"taxonomy":"post_tag","embeddable":true,"href":"https:\/\/zonaroja.com.mx\/index.php?rest_route=%2Fwp%2Fv2%2Ftags&post=12692"}],"curies":[{"name":"wp","href":"https:\/\/api.w.org\/{rel}","templated":true}]}}