{"id":12695,"date":"2020-05-22T07:37:58","date_gmt":"2020-05-22T12:37:58","guid":{"rendered":"http:\/\/www.zonaroja.com.mx\/?p=12695"},"modified":"2020-05-22T07:38:01","modified_gmt":"2020-05-22T12:38:01","slug":"confirman-detencion-de-los-villaseca-pero-solo-por-portacion-de-armas","status":"publish","type":"post","link":"https:\/\/zonaroja.com.mx\/?p=12695","title":{"rendered":"Confirman detenci\u00f3n de los Villaseca, pero s\u00f3lo por portaci\u00f3n de armas"},"content":{"rendered":"\n<p>Redacci\u00f3n\/Zona\nRoja.<\/p>\n\n\n\n<p>Oaxaca de\nJu\u00e1rez, Oax., 22 de mayo de 2020.- La Fiscal\u00eda General del Estado de Oaxaca\nconfirm\u00f3 la detenci\u00f3n ayer de cinco personas, entre ellas los hermanos Luis\nVillaseca, pero fueron consignados s\u00f3lo por portaci\u00f3n de armas de fuego y\ndroga, por lo que podr\u00edan salir libres.<\/p>\n\n\n\n<p>En un\ncomunicado, la instituci\u00f3n inform\u00f3 que se trata de J. Y. (Juan Yaveh) L. V., e\nI. (Iv\u00e1n) T. L. V., as\u00ed como de J. S. A. Z., O. L. M. y M. A. C. R., \u201cquienes\nfueron detenidos en flagrancia la tarde de este jueves 21 de mayo en\njurisdicci\u00f3n de Santa Mar\u00eda del Tule\u201d.<\/p>\n\n\n\n<p>No\nobstante, \u201cla detenci\u00f3n de dos hermanos l\u00edderes transportistas por portaci\u00f3n\nilegal de armas de fuego y drogas\u201d, indic\u00f3 el escueto comunicado.<\/p>\n\n\n\n<p>Por la\nnoche fueron puestos a disposici\u00f3n de la Fiscal\u00eda General de la Rep\u00fablica con\nsede en Oaxaca; se prev\u00e9 que obtengan su libertad.<\/p>\n\n\n\n<p>Juan\nYavhe e Iv\u00e1n son pr\u00f3fugos de la justicia e incluso hace m\u00e1s de un a\u00f1o se hab\u00eda\npedido el apoyo de instancias nacionales e internacionales de justicia.\nActualmente lideraban la Confederaci\u00f3n Aut\u00f3noma de Trabajadores y Empleados de M\u00e9xico\n(CATEM), autodenominada Joven.<\/p>\n","protected":false},"excerpt":{"rendered":"<p>Redacci\u00f3n\/Zona Roja. Oaxaca de Ju\u00e1rez, Oax., 22 de mayo de 2020.- La Fiscal\u00eda General del&hellip;<\/p>\n","protected":false},"author":2,"featured_media":12696,"comment_status":"closed","ping_status":"open","sticky":false,"template":"","format":"standard","meta":{"_lmt_disableupdate":"","_lmt_disable":"","_jetpack_memberships_contains_paid_content":false,"footnotes":""},"categories":[109,47],"tags":[1558],"class_list":["post-12695","post","type-post","status-publish","format-standard","has-post-thumbnail","hentry","category-minuto-a-minuto","category-zona-gris","tag-hermanos-luis-villaseca"],"jetpack_featured_media_url":"https:\/\/zonaroja.com.mx\/wp-content\/uploads\/2020\/05\/Luis-Villaseca.png","jetpack_sharing_enabled":true,"_links":{"self":[{"href":"https:\/\/zonaroja.com.mx\/index.php?rest_route=\/wp\/v2\/posts\/12695","targetHints":{"allow":["GET"]}}],"collection":[{"href":"https:\/\/zonaroja.com.mx\/index.php?rest_route=\/wp\/v2\/posts"}],"about":[{"href":"https:\/\/zonaroja.com.mx\/index.php?rest_route=\/wp\/v2\/types\/post"}],"author":[{"embeddable":true,"href":"https:\/\/zonaroja.com.mx\/index.php?rest_route=\/wp\/v2\/users\/2"}],"replies":[{"embeddable":true,"href":"https:\/\/zonaroja.com.mx\/index.php?rest_route=%2Fwp%2Fv2%2Fcomments&post=12695"}],"version-history":[{"count":1,"href":"https:\/\/zonaroja.com.mx\/index.php?rest_route=\/wp\/v2\/posts\/12695\/revisions"}],"predecessor-version":[{"id":12697,"href":"https:\/\/zonaroja.com.mx\/index.php?rest_route=\/wp\/v2\/posts\/12695\/revisions\/12697"}],"wp:featuredmedia":[{"embeddable":true,"href":"https:\/\/zonaroja.com.mx\/index.php?rest_route=\/wp\/v2\/media\/12696"}],"wp:attachment":[{"href":"https:\/\/zonaroja.com.mx\/index.php?rest_route=%2Fwp%2Fv2%2Fmedia&parent=12695"}],"wp:term":[{"taxonomy":"category","embeddable":true,"href":"https:\/\/zonaroja.com.mx\/index.php?rest_route=%2Fwp%2Fv2%2Fcategories&post=12695"},{"taxonomy":"post_tag","embeddable":true,"href":"https:\/\/zonaroja.com.mx\/index.php?rest_route=%2Fwp%2Fv2%2Ftags&post=12695"}],"curies":[{"name":"wp","href":"https:\/\/api.w.org\/{rel}","templated":true}]}}