{"id":12698,"date":"2020-05-22T07:49:52","date_gmt":"2020-05-22T12:49:52","guid":{"rendered":"http:\/\/www.zonaroja.com.mx\/?p=12698"},"modified":"2020-05-22T07:49:56","modified_gmt":"2020-05-22T12:49:56","slug":"ambientalistas-insisten-en-justicia-para-joven-oaxaqueno-asesinado","status":"publish","type":"post","link":"https:\/\/zonaroja.com.mx\/?p=12698","title":{"rendered":"Ambientalistas insisten en justicia para joven oaxaque\u00f1o asesinado"},"content":{"rendered":"\n<p>Evlin\nArag\u00f3n\/Zona Roja.<\/p>\n\n\n\n<p>Oaxaca de\nJu\u00e1rez, Oax., 22 de mayo de 2020.- \u201cEn M\u00e9xico y Oaxaca, defender el medio\nambiente nos cuesta la vida\u201d.<\/p>\n\n\n\n<p>Son las\npalabras de integrantes de la Uni\u00f3n de la Juventud Revolucionaria de M\u00e9xico\n(UJRM), quienes exigen justicia para Eugui Roy Mart\u00ednez P\u00e9rez, estudiante de\nbiol\u00f3gica y ambientalista, asesinado el pasado 7 de mayo en inmediaciones de\nSan Agust\u00edn Loxicha.<\/p>\n\n\n\n<p>En un\ncomunicado, exigieron a Fiscal\u00eda General del Estado, celeridad en las\ninvestigaciones y castigo a los responsables de arrebatarle la vida a un joven\ncomprometido con la defensa del territorio y el cuidado del medio ambiente.<\/p>\n\n\n\n<p>Explicaron\nque del 2013 a la fecha se han incrementado los ataques y asesinatos en contra\nde personas que defienden el medio ambiente en M\u00e9xico, claros ejemplos Samir\nFlores, Homero G\u00f3mez Gonz\u00e1lez y Ra\u00fal Hern\u00e1ndez, cuya lucha en contra de\nproyectos termoel\u00e9ctricos y en defensa de la mariposa monarca los hizo blanco directo\nde la violencia en el pa\u00eds.<\/p>\n\n\n\n<p>En temas\nm\u00e1s locales, evidenciaron que existe una inminente amenaza en la regi\u00f3n de la\nSierra Sur debido a la tala ilegal de \u00e1rboles y la explotaci\u00f3n minera que\ngenera ganancias millonarias para taladores y empresas internacionales, y\nafecta a los ecosistemas de la zona y sus colindancias.<\/p>\n\n\n\n<p>\u201cLas\nmineras han explotado a gran escala zonas y regiones extrayendo a manos llenas\nmiles de pesos en toneladas de minerales; dejando a su paso hambre\nenfermedades, conflictos entre comunidades, y lo peor de todo asesinatos y\nmuertes muy sangrienta,&nbsp; delitos que\nadem\u00e1s no han sido investigados\u201d, refirieron.<\/p>\n\n\n\n<p>Criticaron\nque el Estado, sin importar el bienestar de las comunidades y violentando sus\nderechos, sigan otorgando concesiones a empresarios nacionales e trasnacionales\nquienes son los \u00fanicos beneficiados con los megaproyectos que destruyen\npoblaciones y acaban con sus recursos naturales.<\/p>\n\n\n\n<p>Lo\nanterior ha ocasionado que la defensa del territorio se haga cada vez m\u00e1s\nfuerte, as\u00ed como la respuesta del estado en contra de los grupos opositores y\nde los l\u00edderes que han tenido que huir o refugiarse en otros lugares ante las\nconstantes amenazas de muerte en su contra, que lamentablemente en el caso de\nEugui Roy Mart\u00ednez P\u00e9rez se consolidaron.<\/p>\n\n\n\n<p>\u201cComo\noaxaque\u00f1os debemos estar claros que hoy d\u00eda los empresarios utilizar\u00e1n\ncualquier medio para lograr sus objetivos monetarios, a tal grado que en plena\npandemia y contingencia sanitaria se ha declarado a la miner\u00eda como actividad\nesencial a\u00fan a sabiendas de que se pone en peligro la vida de los trabajados\u201d,\nsentenciaron.<\/p>\n\n\n\n<p>Finalmente,\nreiteraron su exigencia de justicia, a la cual se uni\u00f3 recientemente la Oficina\nen M\u00e9xico del Alto Comisionado de las Naciones Unidas para los Derechos Humanos\n(ONU-DH) que conden\u00f3 el asesinato del joven defensor ambiental y llam\u00f3 a\ninvestigar, juzgar y sancionar a los responsables materiales e intelectuales.<\/p>\n\n\n\n<p>La ONU-DH\nllam\u00f3 al Estado mexicano a garantizar que las instituciones encargadas de\nproteger a personas defensoras de derechos humanos y periodistas cuenten\nefectivamente con los recursos humanos, materiales y econ\u00f3micos para su\nadecuada operaci\u00f3n, y expres\u00f3 sus condolencias y solidaridad con la familia,\namistades y colegas de Eugui Roy Mart\u00ednez P\u00e9rez.<\/p>\n","protected":false},"excerpt":{"rendered":"<p>Evlin Arag\u00f3n\/Zona Roja. Oaxaca de Ju\u00e1rez, Oax., 22 de mayo de 2020.- \u201cEn M\u00e9xico y&hellip;<\/p>\n","protected":false},"author":2,"featured_media":12250,"comment_status":"closed","ping_status":"open","sticky":false,"template":"","format":"standard","meta":{"_lmt_disableupdate":"","_lmt_disable":"","_jetpack_memberships_contains_paid_content":false,"footnotes":""},"categories":[109,47],"tags":[1668],"class_list":["post-12698","post","type-post","status-publish","format-standard","has-post-thumbnail","hentry","category-minuto-a-minuto","category-zona-gris","tag-eugui-roy-martinez-perez"],"jetpack_featured_media_url":"https:\/\/zonaroja.com.mx\/wp-content\/uploads\/2020\/05\/Eugi-Roy.jpg","jetpack_sharing_enabled":true,"_links":{"self":[{"href":"https:\/\/zonaroja.com.mx\/index.php?rest_route=\/wp\/v2\/posts\/12698","targetHints":{"allow":["GET"]}}],"collection":[{"href":"https:\/\/zonaroja.com.mx\/index.php?rest_route=\/wp\/v2\/posts"}],"about":[{"href":"https:\/\/zonaroja.com.mx\/index.php?rest_route=\/wp\/v2\/types\/post"}],"author":[{"embeddable":true,"href":"https:\/\/zonaroja.com.mx\/index.php?rest_route=\/wp\/v2\/users\/2"}],"replies":[{"embeddable":true,"href":"https:\/\/zonaroja.com.mx\/index.php?rest_route=%2Fwp%2Fv2%2Fcomments&post=12698"}],"version-history":[{"count":1,"href":"https:\/\/zonaroja.com.mx\/index.php?rest_route=\/wp\/v2\/posts\/12698\/revisions"}],"predecessor-version":[{"id":12699,"href":"https:\/\/zonaroja.com.mx\/index.php?rest_route=\/wp\/v2\/posts\/12698\/revisions\/12699"}],"wp:featuredmedia":[{"embeddable":true,"href":"https:\/\/zonaroja.com.mx\/index.php?rest_route=\/wp\/v2\/media\/12250"}],"wp:attachment":[{"href":"https:\/\/zonaroja.com.mx\/index.php?rest_route=%2Fwp%2Fv2%2Fmedia&parent=12698"}],"wp:term":[{"taxonomy":"category","embeddable":true,"href":"https:\/\/zonaroja.com.mx\/index.php?rest_route=%2Fwp%2Fv2%2Fcategories&post=12698"},{"taxonomy":"post_tag","embeddable":true,"href":"https:\/\/zonaroja.com.mx\/index.php?rest_route=%2Fwp%2Fv2%2Ftags&post=12698"}],"curies":[{"name":"wp","href":"https:\/\/api.w.org\/{rel}","templated":true}]}}