{"id":12703,"date":"2020-05-22T10:44:54","date_gmt":"2020-05-22T15:44:54","guid":{"rendered":"http:\/\/www.zonaroja.com.mx\/?p=12703"},"modified":"2020-05-22T10:44:58","modified_gmt":"2020-05-22T15:44:58","slug":"reitera-hospital-de-ciudad-ixtepec-que-no-recibira-pacientes-con-covid-19","status":"publish","type":"post","link":"https:\/\/zonaroja.com.mx\/?p=12703","title":{"rendered":"Reitera hospital de Ciudad Ixtepec que no recibir\u00e1 pacientes con Covid-19"},"content":{"rendered":"\n<p>Evlin\nArag\u00f3n\/Zona Roja.<\/p>\n\n\n\n<p>Oaxaca de\nJu\u00e1rez, Oax., 22 de mayo de 2020.- Trabajadoras y trabajadores del Hospital\nGeneral de Ciudad Ixtepec, adscrito a la Secci\u00f3n 35 del Sindicato Nacional de\nTrabajadores de la Salud (SNTSA), insistieron en que, debido a la falta de\npersonal y equipamiento, el nosocomio no atender\u00e1 a personas con s\u00edntomas de\nCovid-19.<\/p>\n\n\n\n<p>Lo\nhicieron a trav\u00e9s de una lona que colocaron en la fachada del centro m\u00e9dico con\nla intenci\u00f3n de dar a conocer la informaci\u00f3n a la comunidad usuaria y la\npoblaci\u00f3n en general, ya que en caso de presentar complicaciones de salud,\ndespu\u00e9s de ser diagnosticados con coronavirus, solo podr\u00edan acudir al hospital\npara ser canalizados.<\/p>\n\n\n\n<p>\u201cPor\ndisposici\u00f3n de los Servicios de Salud de Oaxaca, este hospital general no est\u00e1\ncontemplado como hospital Covid-19 ya que no cuenta con los insumos necesarios,\ncon el personal suficiente, equipamiento ni infraestructura\u201d, refiere el\nmensaje colocado a la vista de la comunidad.<\/p>\n\n\n\n<p>En la\nmisma lona refieren que son un hospital de primer contacto, que recibe a\npacientes de la comunidad para atender afectaciones comunes, no as\u00ed a personas\nque presenten complicaciones por el virus, las cuales necesariamente ser\u00e1n\ntrasladadas a otros centros m\u00e9dicos.<\/p>\n\n\n\n<p>\u201cRecibimos\npacientes de la comunidad y si se sospecha Covid-19, y tiene factores de\nriesgo, datos de alarma por difusi\u00f3n operacional, se estabilizan y se derivan a\nlos hospitales habilitados para la atenci\u00f3n del enfermo cr\u00edtico\u201d, se\u00f1alan.<\/p>\n\n\n\n<p>Reiteraron\nel llamado a la poblaci\u00f3n en general a extremar medidas sanitarias, quedarse en\ncasa y utilizar el servicio telef\u00f3nico habilitado por la autoridad federal ante\ncualquier sospecha de contagio.<\/p>\n\n\n\n<p>Apenas\neste fin de semana el nosocomio neg\u00f3 la atenci\u00f3n a un paciente con Covid-19 que\nlleg\u00f3 trasladado por una ambulancia militar y ya presentaba serias\ncomplicaciones de salud; en un inicio s\u00ed fue internado pero a ra\u00edz de las\nprotestas del personal, fue sacado del lugar.<\/p>\n\n\n\n<p>La\npersona fue llevada a bordo de una ambulancia a la Base A\u00e9rea Militar n\u00famero 2,\ndonde finalmente muri\u00f3 debido a las dificultades respiratorias que present\u00f3 y\nque no fueron atendidas en el hospital de Ixtepec que en todo momento argument\u00f3\nno estar habilitado para atender contagios por Covid.<\/p>\n\n\n\n<p>La\nsituaci\u00f3n gener\u00f3 que incluso el edil de la localidad, Rogelio Cheg L\u00f3pez,\nacusara al personal de la Sedena de burlar un filtro sanitario con su\nambulancia para pasar con un enfermo, a sabiendas que la comunidad ha sido\nsumamente cuidadosa y ha cumplido con los lineamientos para no contagiarse.<\/p>\n","protected":false},"excerpt":{"rendered":"<p>Evlin Arag\u00f3n\/Zona Roja. Oaxaca de Ju\u00e1rez, Oax., 22 de mayo de 2020.- Trabajadoras y trabajadores&hellip;<\/p>\n","protected":false},"author":2,"featured_media":12704,"comment_status":"closed","ping_status":"open","sticky":false,"template":"","format":"standard","meta":{"_lmt_disableupdate":"","_lmt_disable":"","_jetpack_memberships_contains_paid_content":false,"footnotes":""},"categories":[109,47],"tags":[703,1005],"class_list":["post-12703","post","type-post","status-publish","format-standard","has-post-thumbnail","hentry","category-minuto-a-minuto","category-zona-gris","tag-ciudad-ixtepec","tag-servicios-de-salud-de-oaxaca-sso"],"jetpack_featured_media_url":"https:\/\/zonaroja.com.mx\/wp-content\/uploads\/2020\/05\/Hospital-Ixtepec-1.jpg","jetpack_sharing_enabled":true,"_links":{"self":[{"href":"https:\/\/zonaroja.com.mx\/index.php?rest_route=\/wp\/v2\/posts\/12703","targetHints":{"allow":["GET"]}}],"collection":[{"href":"https:\/\/zonaroja.com.mx\/index.php?rest_route=\/wp\/v2\/posts"}],"about":[{"href":"https:\/\/zonaroja.com.mx\/index.php?rest_route=\/wp\/v2\/types\/post"}],"author":[{"embeddable":true,"href":"https:\/\/zonaroja.com.mx\/index.php?rest_route=\/wp\/v2\/users\/2"}],"replies":[{"embeddable":true,"href":"https:\/\/zonaroja.com.mx\/index.php?rest_route=%2Fwp%2Fv2%2Fcomments&post=12703"}],"version-history":[{"count":1,"href":"https:\/\/zonaroja.com.mx\/index.php?rest_route=\/wp\/v2\/posts\/12703\/revisions"}],"predecessor-version":[{"id":12705,"href":"https:\/\/zonaroja.com.mx\/index.php?rest_route=\/wp\/v2\/posts\/12703\/revisions\/12705"}],"wp:featuredmedia":[{"embeddable":true,"href":"https:\/\/zonaroja.com.mx\/index.php?rest_route=\/wp\/v2\/media\/12704"}],"wp:attachment":[{"href":"https:\/\/zonaroja.com.mx\/index.php?rest_route=%2Fwp%2Fv2%2Fmedia&parent=12703"}],"wp:term":[{"taxonomy":"category","embeddable":true,"href":"https:\/\/zonaroja.com.mx\/index.php?rest_route=%2Fwp%2Fv2%2Fcategories&post=12703"},{"taxonomy":"post_tag","embeddable":true,"href":"https:\/\/zonaroja.com.mx\/index.php?rest_route=%2Fwp%2Fv2%2Ftags&post=12703"}],"curies":[{"name":"wp","href":"https:\/\/api.w.org\/{rel}","templated":true}]}}