{"id":12706,"date":"2020-05-22T12:13:27","date_gmt":"2020-05-22T17:13:27","guid":{"rendered":"http:\/\/www.zonaroja.com.mx\/?p=12706"},"modified":"2020-05-22T12:13:30","modified_gmt":"2020-05-22T17:13:30","slug":"arrestan-a-mujer-policia-de-la-capital-de-oaxaca-que-denuncio-irregularidades","status":"publish","type":"post","link":"https:\/\/zonaroja.com.mx\/?p=12706","title":{"rendered":"Arrestan a mujer polic\u00eda de la capital de Oaxaca que denunci\u00f3 irregularidades"},"content":{"rendered":"\n<p>Yuridiana\nSosa\/Zona Roja.<\/p>\n\n\n\n<p>Oaxaca de\nJu\u00e1rez, Oax., 22 de mayo de 2020.- Luego de ser la portavoz de las denuncias de\nelementos de la Polic\u00eda Municipal de Oaxaca de Ju\u00e1rez, ante la falta de apoyo\npara la corporaci\u00f3n por parte del presidente Oswaldo Garc\u00eda Jarqu\u00edn, la polic\u00eda\nPetrona Guti\u00e9rrez Lucas fue sometida a un \u201carresto disciplinario\u201d.<\/p>\n\n\n\n<p>La mujer,\nquien desde varias semanas y particularmente en los \u00faltimos d\u00edas encabeza la\nlucha de los uniformados por nulos recursos ante la contingencia e\nincumplimiento de pago de bono prometido, fue castigada bajo la justificaci\u00f3n\nde \u201csolicitar permiso para acudir al cuartel general e indicar que ten\u00eda una\nreuni\u00f3n con el mando, siendo otros motivos\u201d.<\/p>\n\n\n\n<p>As\u00ed se\nexhibi\u00f3 en la boleta de arresto con fecha del 19 de mayo, luego de su denuncia\nante los medios de comunicaci\u00f3n sobre las irregularidades, pero que se dio\ncumplimiento posterior a la fecha.<\/p>\n\n\n\n<p>El pasado\n20 de mayo, la uniformada todav\u00eda ofreci\u00f3 entrevistas sobre el ocultamiento de\ninformaci\u00f3n del gobierno municipal sobre los casos positivos y defunciones de\nelementos municipales por Covid-19.<\/p>\n\n\n\n<p>Dio a\nconocer del fallecimiento de su compa\u00f1ero Mario S. V. 27 a\u00f1os de servicio, as\u00ed\ncomo de padecimientos de otros, y los cuales, al no informarse de estos casos,\nas\u00ed como no contar con insumos de protecci\u00f3n, se siguen exponiendo.<\/p>\n\n\n\n<p>Frente a\nesas denuncias, el edil confirm\u00f3 los dos decesos y dos casos positivos de\nCovid-19, un hombre y una mujer, dentro de la corporaci\u00f3n; el var\u00f3n polic\u00eda\nadscrito a cumplir funciones en la central de Abasto, lugar que se ha\nconvertido en punto de alto contagio.<\/p>\n","protected":false},"excerpt":{"rendered":"<p>Yuridiana Sosa\/Zona Roja. Oaxaca de Ju\u00e1rez, Oax., 22 de mayo de 2020.- Luego de ser&hellip;<\/p>\n","protected":false},"author":2,"featured_media":12707,"comment_status":"closed","ping_status":"open","sticky":false,"template":"","format":"standard","meta":{"_lmt_disableupdate":"","_lmt_disable":"","_jetpack_memberships_contains_paid_content":false,"footnotes":""},"categories":[109,47],"tags":[148,115],"class_list":["post-12706","post","type-post","status-publish","format-standard","has-post-thumbnail","hentry","category-minuto-a-minuto","category-zona-gris","tag-oaxaca-de-juarez","tag-oswaldo-garcia-jarquin"],"jetpack_featured_media_url":"https:\/\/zonaroja.com.mx\/wp-content\/uploads\/2020\/05\/Polic\u00eda-Petrona-Guti\u00e9rrez.jpg","jetpack_sharing_enabled":true,"_links":{"self":[{"href":"https:\/\/zonaroja.com.mx\/index.php?rest_route=\/wp\/v2\/posts\/12706","targetHints":{"allow":["GET"]}}],"collection":[{"href":"https:\/\/zonaroja.com.mx\/index.php?rest_route=\/wp\/v2\/posts"}],"about":[{"href":"https:\/\/zonaroja.com.mx\/index.php?rest_route=\/wp\/v2\/types\/post"}],"author":[{"embeddable":true,"href":"https:\/\/zonaroja.com.mx\/index.php?rest_route=\/wp\/v2\/users\/2"}],"replies":[{"embeddable":true,"href":"https:\/\/zonaroja.com.mx\/index.php?rest_route=%2Fwp%2Fv2%2Fcomments&post=12706"}],"version-history":[{"count":1,"href":"https:\/\/zonaroja.com.mx\/index.php?rest_route=\/wp\/v2\/posts\/12706\/revisions"}],"predecessor-version":[{"id":12708,"href":"https:\/\/zonaroja.com.mx\/index.php?rest_route=\/wp\/v2\/posts\/12706\/revisions\/12708"}],"wp:featuredmedia":[{"embeddable":true,"href":"https:\/\/zonaroja.com.mx\/index.php?rest_route=\/wp\/v2\/media\/12707"}],"wp:attachment":[{"href":"https:\/\/zonaroja.com.mx\/index.php?rest_route=%2Fwp%2Fv2%2Fmedia&parent=12706"}],"wp:term":[{"taxonomy":"category","embeddable":true,"href":"https:\/\/zonaroja.com.mx\/index.php?rest_route=%2Fwp%2Fv2%2Fcategories&post=12706"},{"taxonomy":"post_tag","embeddable":true,"href":"https:\/\/zonaroja.com.mx\/index.php?rest_route=%2Fwp%2Fv2%2Ftags&post=12706"}],"curies":[{"name":"wp","href":"https:\/\/api.w.org\/{rel}","templated":true}]}}