{"id":12709,"date":"2020-05-22T12:49:47","date_gmt":"2020-05-22T17:49:47","guid":{"rendered":"http:\/\/www.zonaroja.com.mx\/?p=12709"},"modified":"2020-05-22T12:49:51","modified_gmt":"2020-05-22T17:49:51","slug":"acuerdan-poder-judicial-y-sspo-fortalecer-labor-contra-violencia-de-genero","status":"publish","type":"post","link":"https:\/\/zonaroja.com.mx\/?p=12709","title":{"rendered":"Acuerdan Poder Judicial y SSPO fortalecer labor contra violencia de g\u00e9nero"},"content":{"rendered":"\n<p>Redacci\u00f3n\/Zona\nRoja.<\/p>\n\n\n\n<p>Oaxaca de\nJu\u00e1rez, Oax., 22 de mayo de 2020.- A fin de fortalecer la labor institucional\ncontra la violencia de g\u00e9nero, el Poder Judicial de Oaxaca y la Secretar\u00eda de\nSeguridad P\u00fablica de la entidad firmaron ayer un convenio de colaboraci\u00f3n.<\/p>\n\n\n\n<p>Entre los\nobjetivos se encuentran realizar actividades de investigaci\u00f3n acad\u00e9mica,\ncapacitaci\u00f3n, sensibilizaci\u00f3n y difusi\u00f3n de manera conjunta, tendientes a la\naplicaci\u00f3n e instrumentaci\u00f3n de pol\u00edticas p\u00fablicas y acciones institucionales\ndesde la perspectiva de g\u00e9nero, pluralismo jur\u00eddico y de derechos humanos.<\/p>\n\n\n\n<p>El\ndocumento fue signado por el magistrado presidente del \u00f3rgano, Eduardo Pinacho\nS\u00e1nchez, y el titular de la SSPO, Ra\u00fal Ernesto Salcedo Rosales.<\/p>\n\n\n\n<p>Otra\nfinalidad es contar con informaci\u00f3n clara, precisa, y a tiempo, respecto a los\ncasos de violencia por raz\u00f3n de g\u00e9nero que se presentan en la entidad,\nparticularmente los procesos judiciales que derivan de ello; as\u00ed como las \u00f3rdenes\no medidas de protecci\u00f3n que se emiten para garantizar la integridad y la vida\nde las mujeres v\u00edctimas de violencia.<\/p>\n\n\n\n<p>El\npresidente del Tribunal Superior de Justicia y del Consejo de la Judicatura\napunt\u00f3 que tambi\u00e9n con el apoyo del Centro de Reeducaci\u00f3n para Hombres que\nEjercen Violencia contra las Mujeres, se establecer\u00e1n mecanismos\ninstitucionales de seguimiento, evaluaci\u00f3n y coordinaci\u00f3n, para la creaci\u00f3n de\npol\u00edticas p\u00fablicas y acciones con perspectiva de g\u00e9nero y derechos humanos.<\/p>\n\n\n\n<p>Manifest\u00f3\nque establecer mecanismos de colaboraci\u00f3n cobra especial importancia ante la\nrelevancia que en el pa\u00eds han adquirido la adopci\u00f3n de medidas transformativas\npara atender la desigualdad, discriminaci\u00f3n y la violencia estructural hacia\nmujeres; la convivencia en Oaxaca de m\u00faltiples sistemas normativos; el\nreconocimiento constitucional a la jurisdicci\u00f3n ind\u00edgena; as\u00ed como el principio\nfundamental de salvaguarda y garant\u00eda de los derechos humanos.<\/p>\n\n\n\n<p>La\nindependencia y equilibrio entre poderes, permite fortalecer lazos de\ncolaboraci\u00f3n y coordinaci\u00f3n interinstitucional, para alcanzar fines comunes que\nsean en beneficio de la entidad, de la ciudadan\u00eda y de personas en contextos de\nvulnerabilidad, resalt\u00f3 el Magistrado Pinacho S\u00e1nchez.<\/p>\n\n\n\n<p>Explic\u00f3\nque en la atenci\u00f3n a la problem\u00e1tica de la violencia de g\u00e9nero, la informaci\u00f3n\nque se tenga es vital, porque permite, como es la finalidad del Banco Nacional\nde Datos e Informaci\u00f3n sobre Casos de Violencia contra las Mujeres (BANAVIM).<\/p>\n\n\n\n<p>Tambi\u00e9n, \u201cidentificar\nsituaciones que requieran medidas gubernamentales de urgente aplicaci\u00f3n en\nfunci\u00f3n de los intereses superiores de las mujeres en situaci\u00f3n de violencia,\nque les permitan romper el silencio, alzar la voz, mirarse nuevamente y\nreconstruir su vida\u201d.<\/p>\n\n\n\n<p>Cabe\nse\u00f1alar que en su funci\u00f3n de garantizar a los grupos vulnerables, como son las\nmujeres, el pleno acceso a la justicia, de acuerdo con estad\u00edsticas de la\nSecretar\u00eda Ejecutiva de la Judicatura, en el periodo del cuatro de abril al 16\nde mayo, hab\u00edan sido atendidos en 51 Juzgados de la entidad un total de 843\nasuntos en materia familiar, de los cuales 22 correspondieron a \u00f3rdenes de\nprotecci\u00f3n, 27 a separaci\u00f3n de c\u00f3nyuges, 44 solicitudes de convivencia y 124 a\nsolicitudes de guarda y custodias, entre otros.<\/p>\n\n\n\n<p>En el\nacto de firma de convenios, que se llev\u00f3 a cabo con apego a la Jornada Nacional\nde Sana Distancia, el secretario de Seguridad P\u00fablica resalt\u00f3 el compromiso de\nla dependencia que encabeza para contribuir a erradicar la violencia hacia las\nmujeres y construir un Oaxaca cada vez m\u00e1s seguro para todas y todos.<\/p>\n","protected":false},"excerpt":{"rendered":"<p>Redacci\u00f3n\/Zona Roja. Oaxaca de Ju\u00e1rez, Oax., 22 de mayo de 2020.- A fin de fortalecer&hellip;<\/p>\n","protected":false},"author":2,"featured_media":12711,"comment_status":"closed","ping_status":"open","sticky":false,"template":"","format":"standard","meta":{"_lmt_disableupdate":"","_lmt_disable":"","_jetpack_memberships_contains_paid_content":false,"footnotes":""},"categories":[109,46],"tags":[1369],"class_list":["post-12709","post","type-post","status-publish","format-standard","has-post-thumbnail","hentry","category-minuto-a-minuto","category-zona-blanca","tag-tribunal-superior-de-justicia-de-oaxacatsejo"],"jetpack_featured_media_url":"https:\/\/zonaroja.com.mx\/wp-content\/uploads\/2020\/05\/3-FIRMA-CONVENIO-1.jpg","jetpack_sharing_enabled":true,"_links":{"self":[{"href":"https:\/\/zonaroja.com.mx\/index.php?rest_route=\/wp\/v2\/posts\/12709","targetHints":{"allow":["GET"]}}],"collection":[{"href":"https:\/\/zonaroja.com.mx\/index.php?rest_route=\/wp\/v2\/posts"}],"about":[{"href":"https:\/\/zonaroja.com.mx\/index.php?rest_route=\/wp\/v2\/types\/post"}],"author":[{"embeddable":true,"href":"https:\/\/zonaroja.com.mx\/index.php?rest_route=\/wp\/v2\/users\/2"}],"replies":[{"embeddable":true,"href":"https:\/\/zonaroja.com.mx\/index.php?rest_route=%2Fwp%2Fv2%2Fcomments&post=12709"}],"version-history":[{"count":1,"href":"https:\/\/zonaroja.com.mx\/index.php?rest_route=\/wp\/v2\/posts\/12709\/revisions"}],"predecessor-version":[{"id":12712,"href":"https:\/\/zonaroja.com.mx\/index.php?rest_route=\/wp\/v2\/posts\/12709\/revisions\/12712"}],"wp:featuredmedia":[{"embeddable":true,"href":"https:\/\/zonaroja.com.mx\/index.php?rest_route=\/wp\/v2\/media\/12711"}],"wp:attachment":[{"href":"https:\/\/zonaroja.com.mx\/index.php?rest_route=%2Fwp%2Fv2%2Fmedia&parent=12709"}],"wp:term":[{"taxonomy":"category","embeddable":true,"href":"https:\/\/zonaroja.com.mx\/index.php?rest_route=%2Fwp%2Fv2%2Fcategories&post=12709"},{"taxonomy":"post_tag","embeddable":true,"href":"https:\/\/zonaroja.com.mx\/index.php?rest_route=%2Fwp%2Fv2%2Ftags&post=12709"}],"curies":[{"name":"wp","href":"https:\/\/api.w.org\/{rel}","templated":true}]}}