{"id":12713,"date":"2020-05-22T13:08:17","date_gmt":"2020-05-22T18:08:17","guid":{"rendered":"http:\/\/www.zonaroja.com.mx\/?p=12713"},"modified":"2020-05-22T13:08:21","modified_gmt":"2020-05-22T18:08:21","slug":"mas-lios-en-sso-acusan-a-funcionario-de-pornografia-y-acoso","status":"publish","type":"post","link":"https:\/\/zonaroja.com.mx\/?p=12713","title":{"rendered":"M\u00e1s l\u00edos en SSO: acusan a funcionario de pornograf\u00eda y acoso"},"content":{"rendered":"\n<p>Redacci\u00f3n\/Zona\nRoja.<\/p>\n\n\n\n<p>Oaxaca de\nJu\u00e1rez, Oax., 22 de mayo de 2020.- Un funcionario del \u00e1rea de Planeaci\u00f3n de los\nServicios de Salud de Oaxaca (SSO) fue acusado de ligas con tr\u00e1fico de\npornograf\u00eda infantil y acoso sexual.<\/p>\n\n\n\n<p>De\nacuerdo con trabajadores de esa dependencia del Gobierno del Estado, se trata\nde Jorge Alberto Ju\u00e1rez Dom\u00ednguez, de quien exigieron su separaci\u00f3n del cargo.<\/p>\n\n\n\n<p>Seg\u00fan la\ndenuncia, el responsable de la Direcci\u00f3n de Planeaci\u00f3n cuenta tambi\u00e9n con\nantecedentes de haber sido acusado de almacenar pornograf\u00eda infantil.<\/p>\n\n\n\n<p>Lo\nanterior, se suma a la denuncia de acoso sexual que empleadas de la Secretar\u00eda\nde Finanzas de Oaxaca realizaron en su contra, cuando \u00e9ste labor\u00f3 en esa\ndependencia, de donde fue corrido ante el esc\u00e1ndalo y protesta que las f\u00e9minas\nrealizaron en sus instalaciones, en donde colocaron carteles y documentos donde\nexpon\u00edan la situaci\u00f3n de acoso y exig\u00edan su salida. <\/p>\n\n\n\n<p>Seg\u00fan los\ndenunciantes y con documentos de la autoridad, el oriundo de Veracruz presuntamente\ntiene v\u00ednculos con una banda de tr\u00e1fico de pornograf\u00eda, seg\u00fan consta en la\ninvestigaci\u00f3n judicial, por lo que los trabajadores temen ser v\u00edctimas de las\nmalas ma\u00f1as de Ju\u00e1rez Dom\u00ednguez.<\/p>\n\n\n\n<p>Acusaron\nque las autoridades sab\u00edan de sus antecedentes y aun as\u00ed fueron a buscarlo al\nestado vecino, en donde estaba escondido, luego de ser despedido y salir\nhuyendo de Oaxaca, cuando las trabajadoras de Finanzas lo se\u00f1alaron de acoso\nsexual.&nbsp; \u2003<\/p>\n\n\n\n<p>Cabe\nse\u00f1alar que Jorge Alberto Ju\u00e1rez Dom\u00ednguez tambi\u00e9n cuenta con se\u00f1alamientos de\ndesv\u00edo de recursos en la Secretar\u00eda de Finanzas, seg\u00fan fuentes de la\ndependencia.<\/p>\n","protected":false},"excerpt":{"rendered":"<p>Redacci\u00f3n\/Zona Roja. Oaxaca de Ju\u00e1rez, Oax., 22 de mayo de 2020.- Un funcionario del \u00e1rea&hellip;<\/p>\n","protected":false},"author":2,"featured_media":12714,"comment_status":"closed","ping_status":"open","sticky":false,"template":"","format":"standard","meta":{"_lmt_disableupdate":"","_lmt_disable":"","_jetpack_memberships_contains_paid_content":false,"footnotes":""},"categories":[109,47],"tags":[1005],"class_list":["post-12713","post","type-post","status-publish","format-standard","has-post-thumbnail","hentry","category-minuto-a-minuto","category-zona-gris","tag-servicios-de-salud-de-oaxaca-sso"],"jetpack_featured_media_url":"https:\/\/zonaroja.com.mx\/wp-content\/uploads\/2020\/05\/PHOTO-2020-05-22-08-53-38.jpg","jetpack_sharing_enabled":true,"_links":{"self":[{"href":"https:\/\/zonaroja.com.mx\/index.php?rest_route=\/wp\/v2\/posts\/12713","targetHints":{"allow":["GET"]}}],"collection":[{"href":"https:\/\/zonaroja.com.mx\/index.php?rest_route=\/wp\/v2\/posts"}],"about":[{"href":"https:\/\/zonaroja.com.mx\/index.php?rest_route=\/wp\/v2\/types\/post"}],"author":[{"embeddable":true,"href":"https:\/\/zonaroja.com.mx\/index.php?rest_route=\/wp\/v2\/users\/2"}],"replies":[{"embeddable":true,"href":"https:\/\/zonaroja.com.mx\/index.php?rest_route=%2Fwp%2Fv2%2Fcomments&post=12713"}],"version-history":[{"count":1,"href":"https:\/\/zonaroja.com.mx\/index.php?rest_route=\/wp\/v2\/posts\/12713\/revisions"}],"predecessor-version":[{"id":12715,"href":"https:\/\/zonaroja.com.mx\/index.php?rest_route=\/wp\/v2\/posts\/12713\/revisions\/12715"}],"wp:featuredmedia":[{"embeddable":true,"href":"https:\/\/zonaroja.com.mx\/index.php?rest_route=\/wp\/v2\/media\/12714"}],"wp:attachment":[{"href":"https:\/\/zonaroja.com.mx\/index.php?rest_route=%2Fwp%2Fv2%2Fmedia&parent=12713"}],"wp:term":[{"taxonomy":"category","embeddable":true,"href":"https:\/\/zonaroja.com.mx\/index.php?rest_route=%2Fwp%2Fv2%2Fcategories&post=12713"},{"taxonomy":"post_tag","embeddable":true,"href":"https:\/\/zonaroja.com.mx\/index.php?rest_route=%2Fwp%2Fv2%2Ftags&post=12713"}],"curies":[{"name":"wp","href":"https:\/\/api.w.org\/{rel}","templated":true}]}}