{"id":12716,"date":"2020-05-22T14:58:58","date_gmt":"2020-05-22T19:58:58","guid":{"rendered":"http:\/\/www.zonaroja.com.mx\/?p=12716"},"modified":"2020-05-22T14:59:05","modified_gmt":"2020-05-22T19:59:05","slug":"piden-poner-en-cuarentena-otro-centro-de-salud-ahora-en-san-jacinto-amilpas","status":"publish","type":"post","link":"https:\/\/zonaroja.com.mx\/?p=12716","title":{"rendered":"Piden poner en cuarentena otro centro de salud, ahora en San Jacinto Amilpas"},"content":{"rendered":"\n<p>Evlin\nArag\u00f3n\/Zona Roja.<\/p>\n\n\n\n<p>Oaxaca de\nJu\u00e1rez, Oax., 22 de mayo de 2020.- Personal adscrito al Centro de Salud con\nServicios Ampliados (Cessa) de San Jacinto Amilpas, solicit\u00f3 el inicio de la\ncuarentena en toda la unidad m\u00e9dica, hasta determinar que no existe riesgo alguno\nde contagio por Covid-19.<\/p>\n\n\n\n<p>Lo\nanterior luego de que se confirmara un caso positivo en una persona que labora\nen la instituci\u00f3n sanitaria, dependiente de los Servicios de Salud de Oaxaca\n(SSO).<\/p>\n\n\n\n<p>Aunque la\npersona diagnosticada con el virus ya se encuentra en aislamiento, de acuerdo\ncon los protocolos a seguir en este tipo de casos, el caso provoc\u00f3 que desde el\npasado 20 de mayo, el personal se haya declarado de brazos ca\u00eddos hasta que se\ncumplan una serie demandas en beneficio de la base trabajadora.<\/p>\n\n\n\n<p>En un\ndocumento dirigido a la directora del Centro de Salud, Liliana Lizeth P\u00e9rez \u00c1vila,\nel personal exigi\u00f3 la sanitizaci\u00f3n de forma inmediata y exhaustiva de todas las\n\u00e1reas de la unidad; as\u00ed como la realizaci\u00f3n de las muestras para detecci\u00f3n a\ntodo el personal que labora en el lugar actualmente.<\/p>\n\n\n\n<p>\u201cLos que\nsuscribimos personal que labora en el Cessa de San Jacinto Amilpas&#8230;\nsolicitamos se apliquen las medidas necesarias para mitigar los da\u00f1os a la\nsalud del personal que labora en esta unidad y a la poblaci\u00f3n que se le brinda\nla atenci\u00f3n m\u00e9dica\u201d, cita el documento.<\/p>\n\n\n\n<p>De igual\nforma, exigieron que se les otorgue material necesario y de adecuada calidad\npara su protecci\u00f3n, ya que el que se les proporcion\u00f3 no cumple con los\nest\u00e1ndares necesarios; as\u00ed como la intervenci\u00f3n de las \u00e1reas correspondientes\npara resolver la situaci\u00f3n que se vive en la unidad m\u00e9dica.<\/p>\n\n\n\n<p>\u201cNo est\u00e1\npor dem\u00e1s recordar que ha existido disponibilidad y compromiso por parte del\npersonal a contribuir en las acciones tomadas ante esta pandemia\u201d, refirieron.<\/p>\n\n\n\n<p>El Centro\nde Salud de San Jacinto Amilpas se une al Hospital del ISSSTE en Huajuapan de\nLe\u00f3n y el Hospital Regional de Alta Especialidad, cuyo personal tambi\u00e9n ha\nsolicitado declararse en cuarentena, ante los brotes de casos que se han\nregistrado.<\/p>\n\n\n\n<p>En Oaxaca\nde los 808 casos confirmados por Covid-19 hasta este jueves, 171 son personas\ndel \u00e1rea m\u00e9dica: 74 profesionistas en la medicina, 81 en la enfermer\u00eda y 16 de\notras \u00e1reas.<\/p>\n","protected":false},"excerpt":{"rendered":"<p>Evlin Arag\u00f3n\/Zona Roja. Oaxaca de Ju\u00e1rez, Oax., 22 de mayo de 2020.- Personal adscrito al&hellip;<\/p>\n","protected":false},"author":2,"featured_media":12717,"comment_status":"closed","ping_status":"open","sticky":false,"template":"","format":"standard","meta":{"_lmt_disableupdate":"","_lmt_disable":"","_jetpack_memberships_contains_paid_content":false,"footnotes":""},"categories":[109,47],"tags":[77,1005],"class_list":["post-12716","post","type-post","status-publish","format-standard","has-post-thumbnail","hentry","category-minuto-a-minuto","category-zona-gris","tag-san-jacinto-amilpas","tag-servicios-de-salud-de-oaxaca-sso"],"jetpack_featured_media_url":"https:\/\/zonaroja.com.mx\/wp-content\/uploads\/2020\/05\/Centro-de-Salud-Amilpas.jpg","jetpack_sharing_enabled":true,"_links":{"self":[{"href":"https:\/\/zonaroja.com.mx\/index.php?rest_route=\/wp\/v2\/posts\/12716","targetHints":{"allow":["GET"]}}],"collection":[{"href":"https:\/\/zonaroja.com.mx\/index.php?rest_route=\/wp\/v2\/posts"}],"about":[{"href":"https:\/\/zonaroja.com.mx\/index.php?rest_route=\/wp\/v2\/types\/post"}],"author":[{"embeddable":true,"href":"https:\/\/zonaroja.com.mx\/index.php?rest_route=\/wp\/v2\/users\/2"}],"replies":[{"embeddable":true,"href":"https:\/\/zonaroja.com.mx\/index.php?rest_route=%2Fwp%2Fv2%2Fcomments&post=12716"}],"version-history":[{"count":1,"href":"https:\/\/zonaroja.com.mx\/index.php?rest_route=\/wp\/v2\/posts\/12716\/revisions"}],"predecessor-version":[{"id":12718,"href":"https:\/\/zonaroja.com.mx\/index.php?rest_route=\/wp\/v2\/posts\/12716\/revisions\/12718"}],"wp:featuredmedia":[{"embeddable":true,"href":"https:\/\/zonaroja.com.mx\/index.php?rest_route=\/wp\/v2\/media\/12717"}],"wp:attachment":[{"href":"https:\/\/zonaroja.com.mx\/index.php?rest_route=%2Fwp%2Fv2%2Fmedia&parent=12716"}],"wp:term":[{"taxonomy":"category","embeddable":true,"href":"https:\/\/zonaroja.com.mx\/index.php?rest_route=%2Fwp%2Fv2%2Fcategories&post=12716"},{"taxonomy":"post_tag","embeddable":true,"href":"https:\/\/zonaroja.com.mx\/index.php?rest_route=%2Fwp%2Fv2%2Ftags&post=12716"}],"curies":[{"name":"wp","href":"https:\/\/api.w.org\/{rel}","templated":true}]}}