{"id":12721,"date":"2020-05-22T15:50:59","date_gmt":"2020-05-22T20:50:59","guid":{"rendered":"http:\/\/www.zonaroja.com.mx\/?p=12721"},"modified":"2020-05-22T15:51:02","modified_gmt":"2020-05-22T20:51:02","slug":"desesperados-ante-nula-justicia-familiares-de-desaparecidas-marchan-en-tuxtepec","status":"publish","type":"post","link":"https:\/\/zonaroja.com.mx\/?p=12721","title":{"rendered":"Desesperados ante nula justicia, familiares de desaparecidas marchan en Tuxtepec"},"content":{"rendered":"\n<p>Yuridiana\nSosa\/Zona Roja<\/p>\n\n\n\n<p>San Juan\nBautista Tuxtepec, Oax., 22 de mayo de 2020.- Para las madres y padres de tres mujeres\nj\u00f3venes desaparecidas en Tuxtepec, la peor pandemia que viven es la injusticia\npor la falta de localizaci\u00f3n de ellas.<\/p>\n\n\n\n<p>\u201cLe pido\na la persona que tenga a mi hija que me la devuelva, les pido que se apiaden de\nm\u00ed, de este sufrimiento que estoy pasando\u201d, dijo la madre de Itzel, estudiante\nde Enfermer\u00eda desaparecida el pasado 14 de abril.<\/p>\n\n\n\n<p>La movilizaci\u00f3n\nde este viernes congreg\u00f3 a los familiares de Itzel Gonz\u00e1lez, de F\u00e1tima Palacios\n&#8211;desaparecida desde marzo&#8211; y de Casandra Ram\u00edrez, el caso m\u00e1s reciente\nregistrado el pasado 6 de mayo. Cada una de ellas vistas por \u00faltima vez en\nzonas urbanas de este municipio.<\/p>\n\n\n\n<p>La lluvia de esta ma\u00f1ana no detuvo a los manifestantes, quienes posterior a la hora programada, efectuaron la marcha sobre la avenida 5 de Mayo, hasta llegar frente al Palacio Municipal, donde exigieron al presidente Fernando Bautista D\u00e1vila, garant\u00edas de seguridad para los tuxtepecanos; pero el edil no est\u00e1 en el recinto, se encuentra en cuarentena.<\/p>\n\n\n\n<figure class=\"wp-block-embed-twitter wp-block-embed is-type-rich is-provider-twitter\"><div class=\"wp-block-embed__wrapper\">\n<div class=\"twitter-tweet\"><blockquote class=\"twitter-tweet\" data-lang=\"es\"><p lang=\"es\" dir=\"ltr\"><a href=\"https:\/\/twitter.com\/hashtag\/OaxacaGris?src=hash&amp;ref_src=twsrc%5Etfw\">#OaxacaGris<\/a><br>Con una marcha para exigir justicia, v\u00edctimas de la violencia y habitantes de San Juan Bautista <a href=\"https:\/\/twitter.com\/hashtag\/Tuxtepec?src=hash&amp;ref_src=twsrc%5Etfw\">#Tuxtepec<\/a> exhiben de nuevo la ineficacia de la <a href=\"https:\/\/twitter.com\/FISCALIA_GobOax?ref_src=twsrc%5Etfw\">@FISCALIA_GobOax<\/a> para localizar a j\u00f3venes desaparecidos en ese municipio de la regi\u00f3n Cuenca de Oaxaca. <br>Video: Cortes\u00eda <a href=\"https:\/\/t.co\/WrsFAwSSoV\">pic.twitter.com\/WrsFAwSSoV<\/a><\/p>&mdash; Zona Roja Oaxaca (@MexRoja) <a href=\"https:\/\/twitter.com\/MexRoja\/status\/1263865783391674369?ref_src=twsrc%5Etfw\">22 de mayo de 2020<\/a><\/blockquote><\/div>\n<\/div><\/figure>\n\n\n\n<p>\u201c\u00a1Justicia\npara Itzel, justicia para F\u00e1tima, justicia para Casandra!\u201d, fue la principal\nconsigna de los familiares, quienes a pesar de contar con una denuncia formal\nde los hechos ante la Fiscal\u00eda General de Oaxaca, no reciben respuestas positivas\nque ayuden a tener paz sobre la localizaci\u00f3n de sus hijas.<\/p>\n\n\n\n<p>Don Juan\nGonz\u00e1lez, padre de Iztel, indic\u00f3 que a dos semanas de la detenci\u00f3n de un\npresunto responsable de la desaparici\u00f3n de su hija en el mes de abril, las\nautoridades de la Vicefiscal\u00eda de la Cuenca no ofrecen informaci\u00f3n sobre el\nparadero de la joven.<\/p>\n\n\n\n<p>En todos\nlos casos, las autoridades de justicia s\u00f3lo responden a las exigencias con un:\n\u201cdeben esperar, estamos trabajando en eso\u201d.<\/p>\n\n\n\n<p>Sin\nembargo, la espera es tortura y ni una pandemia detendr\u00e1 la exigencia de\njusticia para las j\u00f3venes afectadas por la inseguridad.<\/p>\n","protected":false},"excerpt":{"rendered":"<p>Yuridiana Sosa\/Zona Roja San Juan Bautista Tuxtepec, Oax., 22 de mayo de 2020.- Para las&hellip;<\/p>\n","protected":false},"author":2,"featured_media":12722,"comment_status":"closed","ping_status":"open","sticky":false,"template":"","format":"standard","meta":{"_lmt_disableupdate":"","_lmt_disable":"","_jetpack_memberships_contains_paid_content":false,"footnotes":""},"categories":[109,47],"tags":[1705],"class_list":["post-12721","post","type-post","status-publish","format-standard","has-post-thumbnail","hentry","category-minuto-a-minuto","category-zona-gris","tag-desaparecidas-san-juan-bautista-tuxtepec"],"jetpack_featured_media_url":"https:\/\/zonaroja.com.mx\/wp-content\/uploads\/2020\/05\/Marcha-Tuxtepec-2.jpg","jetpack_sharing_enabled":true,"_links":{"self":[{"href":"https:\/\/zonaroja.com.mx\/index.php?rest_route=\/wp\/v2\/posts\/12721","targetHints":{"allow":["GET"]}}],"collection":[{"href":"https:\/\/zonaroja.com.mx\/index.php?rest_route=\/wp\/v2\/posts"}],"about":[{"href":"https:\/\/zonaroja.com.mx\/index.php?rest_route=\/wp\/v2\/types\/post"}],"author":[{"embeddable":true,"href":"https:\/\/zonaroja.com.mx\/index.php?rest_route=\/wp\/v2\/users\/2"}],"replies":[{"embeddable":true,"href":"https:\/\/zonaroja.com.mx\/index.php?rest_route=%2Fwp%2Fv2%2Fcomments&post=12721"}],"version-history":[{"count":1,"href":"https:\/\/zonaroja.com.mx\/index.php?rest_route=\/wp\/v2\/posts\/12721\/revisions"}],"predecessor-version":[{"id":12723,"href":"https:\/\/zonaroja.com.mx\/index.php?rest_route=\/wp\/v2\/posts\/12721\/revisions\/12723"}],"wp:featuredmedia":[{"embeddable":true,"href":"https:\/\/zonaroja.com.mx\/index.php?rest_route=\/wp\/v2\/media\/12722"}],"wp:attachment":[{"href":"https:\/\/zonaroja.com.mx\/index.php?rest_route=%2Fwp%2Fv2%2Fmedia&parent=12721"}],"wp:term":[{"taxonomy":"category","embeddable":true,"href":"https:\/\/zonaroja.com.mx\/index.php?rest_route=%2Fwp%2Fv2%2Fcategories&post=12721"},{"taxonomy":"post_tag","embeddable":true,"href":"https:\/\/zonaroja.com.mx\/index.php?rest_route=%2Fwp%2Fv2%2Ftags&post=12721"}],"curies":[{"name":"wp","href":"https:\/\/api.w.org\/{rel}","templated":true}]}}