{"id":12724,"date":"2020-05-22T15:59:49","date_gmt":"2020-05-22T20:59:49","guid":{"rendered":"http:\/\/www.zonaroja.com.mx\/?p=12724"},"modified":"2020-05-22T15:59:52","modified_gmt":"2020-05-22T20:59:52","slug":"llama-congreso-oaxaqueno-a-reforzar-medidas-por-aumento-de-covid-19","status":"publish","type":"post","link":"https:\/\/zonaroja.com.mx\/?p=12724","title":{"rendered":"Llama Congreso oaxaque\u00f1o a reforzar medidas por aumento de Covid-19"},"content":{"rendered":"\n<p>Redacci\u00f3n\/Zona\nRoja.<\/p>\n\n\n\n<p>Oaxaca de Ju\u00e1rez, Oax., 22 de mayo de 2020.- Al encontrarse Oaxaca en el punto m\u00e1s alto de brotes de Covid-19, diputadas y diputados  emanados del Partido Morena, exhortaron a los oaxaque\u00f1os a respetar a cabalidad las medidas de distanciamiento social previstas como parte de la Jornada Nacional de Sana Distancia.<\/p>\n\n\n\n<p>El\ncoordinador del grupo parlamentario de dicho partido el Congreso local, Horacio\nSosa, destac\u00f3 que es momento de seguir el ejemplo de municipios que se han\ndenominado \u201cDe la esperanza\u201d, donde han contenido la entrada de nuevos\ncontagios, lo cual obedece a una organizaci\u00f3n comunitaria ejemplar.<\/p>\n\n\n\n<p>\u201cEl milenario tejido social comunitario, la organizaci\u00f3n y la autodeterminaci\u00f3n de los pueblos ind\u00edgenas, han permitido establecer una barrera a los contagios por el nuevo virus, pues las comunidades han establecido de manera aut\u00f3noma sus propios mecanismos para la prevenci\u00f3n de la epidemia\u201d, expres\u00f3.<\/p>\n\n\n\n<p>De igual\nforma, los legisladores de Morena propusieron un exhorto para que los\nayuntamientos de Oaxaca intensifiquen campa\u00f1as para promover, con pleno respeto\na las libertades, los derechos humanos y las garant\u00edas establecidas\nconstitucionalmente.<\/p>\n\n\n\n<p>As\u00ed\ntambi\u00e9n, para que las y los habitantes de sus poblaciones permanezcan en sus\ncasas, conforme a lo previsto en la Jornada Nacional de Sana Distancia\ndesplegada por el Gobierno de M\u00e9xico.<\/p>\n\n\n\n<p>Pidieron adem\u00e1s\na los ayuntamientos de Oaxaca a establecer o reforzar filtros y las medidas\nsanitarias procedentes para garantizar el acceso seguro a mercados, centrales\nde abasto, bancos y las dem\u00e1s instalaciones relacionadas con actividades\nconsideradas prioritarias, y que por ello implican la concurrencia del p\u00fablico.<\/p>\n\n\n\n<p>\u201cHoy\nestamos ante el riesgo de que haya m\u00e1s contagios en una segunda oleada, y esto\ndepender\u00e1 de la responsabilidad de los gobiernos, pero tambi\u00e9n de la de la\nsociedad, que debe asumir las medidas necesarias para evitar la propagaci\u00f3n\u201d,\nfinaliz\u00f3 el legislador. <\/p>\n","protected":false},"excerpt":{"rendered":"<p>Redacci\u00f3n\/Zona Roja. Oaxaca de Ju\u00e1rez, Oax., 22 de mayo de 2020.- Al encontrarse Oaxaca en&hellip;<\/p>\n","protected":false},"author":2,"featured_media":12131,"comment_status":"closed","ping_status":"open","sticky":false,"template":"","format":"standard","meta":{"_lmt_disableupdate":"","_lmt_disable":"","_jetpack_memberships_contains_paid_content":false,"footnotes":""},"categories":[109,47],"tags":[1512,444],"class_list":["post-12724","post","type-post","status-publish","format-standard","has-post-thumbnail","hentry","category-minuto-a-minuto","category-zona-gris","tag-coronavirus-oaxaca","tag-horacio-sosa-villavicencio"],"jetpack_featured_media_url":"https:\/\/zonaroja.com.mx\/wp-content\/uploads\/2020\/05\/IMG_5721.jpg","jetpack_sharing_enabled":true,"_links":{"self":[{"href":"https:\/\/zonaroja.com.mx\/index.php?rest_route=\/wp\/v2\/posts\/12724","targetHints":{"allow":["GET"]}}],"collection":[{"href":"https:\/\/zonaroja.com.mx\/index.php?rest_route=\/wp\/v2\/posts"}],"about":[{"href":"https:\/\/zonaroja.com.mx\/index.php?rest_route=\/wp\/v2\/types\/post"}],"author":[{"embeddable":true,"href":"https:\/\/zonaroja.com.mx\/index.php?rest_route=\/wp\/v2\/users\/2"}],"replies":[{"embeddable":true,"href":"https:\/\/zonaroja.com.mx\/index.php?rest_route=%2Fwp%2Fv2%2Fcomments&post=12724"}],"version-history":[{"count":1,"href":"https:\/\/zonaroja.com.mx\/index.php?rest_route=\/wp\/v2\/posts\/12724\/revisions"}],"predecessor-version":[{"id":12725,"href":"https:\/\/zonaroja.com.mx\/index.php?rest_route=\/wp\/v2\/posts\/12724\/revisions\/12725"}],"wp:featuredmedia":[{"embeddable":true,"href":"https:\/\/zonaroja.com.mx\/index.php?rest_route=\/wp\/v2\/media\/12131"}],"wp:attachment":[{"href":"https:\/\/zonaroja.com.mx\/index.php?rest_route=%2Fwp%2Fv2%2Fmedia&parent=12724"}],"wp:term":[{"taxonomy":"category","embeddable":true,"href":"https:\/\/zonaroja.com.mx\/index.php?rest_route=%2Fwp%2Fv2%2Fcategories&post=12724"},{"taxonomy":"post_tag","embeddable":true,"href":"https:\/\/zonaroja.com.mx\/index.php?rest_route=%2Fwp%2Fv2%2Ftags&post=12724"}],"curies":[{"name":"wp","href":"https:\/\/api.w.org\/{rel}","templated":true}]}}