{"id":12729,"date":"2020-05-22T21:15:38","date_gmt":"2020-05-23T02:15:38","guid":{"rendered":"http:\/\/www.zonaroja.com.mx\/?p=12729"},"modified":"2020-05-22T21:31:30","modified_gmt":"2020-05-23T02:31:30","slug":"elemento-de-la-aei-intimida-a-reportero-e-incita-a-particular-a-denunciarlo","status":"publish","type":"post","link":"https:\/\/zonaroja.com.mx\/?p=12729","title":{"rendered":"Elemento de la AEI intimida a reportero e incita a particular a denunciarlo"},"content":{"rendered":"\n<p>Redacci\u00f3n\/Zona\nRoja.<\/p>\n\n\n\n<p>Oaxaca de Ju\u00e1rez, Oax., 22 de mayo de 2020.- Durante la cobertura este viernes de un hecho violento en el municipio de San Jacinto Amilpas, conurbado a la capital oaxaque\u00f1a, un elemento de la Agencia Estatal de Investigaci\u00f3n (AEI) impidi\u00f3 la labor informativa de un reportero e incit\u00f3 a un particular para interponer una denuncia en su contra.<\/p>\n\n\n\n<p>Fuera del\n\u00e1rea acordonada y en un espacio p\u00fablico, Javier Santiago, identificado como\nreportero del medio \u201cRealidad Oaxaca\u201d, registraba la movilizaci\u00f3n de policial\nante el hallazgo de una cabeza de cerdo dentro de una hielera, junto con un\nmensaje de amenaza, en la colonia Nuevo M\u00e9xico, cuando el elemento y un\nparticular lo sentenciaron.<\/p>\n\n\n\n<p>El Agente Estatal de Investigaci\u00f3n, dependiente de la Fiscal\u00eda General del Estado, identificado como Dezael Le\u00f3n Ram\u00edrez, con placa n\u00famero 910, trat\u00f3 de impedir la labor del reportero al justificar que victimizaba, sin referir a qui\u00e9n o explicar los argumentos.<\/p>\n\n\n\n<p>Durante la grabaci\u00f3n, el reportero no realiz\u00f3 acercamientos hacia el punto donde se localiz\u00f3 la cabeza del animal, ni enfoc\u00f3 rostros de los particulares, sin embargo, insistieron en que dejara de realizar su trabajo.<\/p>\n\n\n\n<figure class=\"wp-block-embed-twitter wp-block-embed is-type-rich is-provider-twitter\"><div class=\"wp-block-embed__wrapper\">\n<div class=\"twitter-tweet\"><blockquote class=\"twitter-tweet\" data-lang=\"es\"><p lang=\"es\" dir=\"ltr\"><a href=\"https:\/\/twitter.com\/hashtag\/%C3%9AltimaHora?src=hash&amp;ref_src=twsrc%5Etfw\">#\u00daltimaHora<\/a><br>Un elemento con placa 910 de la <a href=\"https:\/\/twitter.com\/AEI_Oaxaca?ref_src=twsrc%5Etfw\">@AEI_Oaxaca<\/a> de <a href=\"https:\/\/twitter.com\/FISCALIA_GobOax?ref_src=twsrc%5Etfw\">@FISCALIA_GobOax<\/a>, B. Le\u00f3n Ram\u00edrez, amedrenta al reportero Javier Santiago, de <a href=\"https:\/\/twitter.com\/realidadoaxaca?ref_src=twsrc%5Etfw\">@realidadoaxaca<\/a>\u201d, con citarlo ante el Ministerio P\u00fablico, pese a que realizaba su labor fuera del \u00e1rea de acordonamiento.<a href=\"https:\/\/twitter.com\/article19mex?ref_src=twsrc%5Etfw\">@article19mex<\/a> <a href=\"https:\/\/twitter.com\/CNDH?ref_src=twsrc%5Etfw\">@CNDH<\/a> <a href=\"https:\/\/t.co\/8bLUcwgWcN\">pic.twitter.com\/8bLUcwgWcN<\/a><\/p>&mdash; Zona Roja Oaxaca (@MexRoja) <a href=\"https:\/\/twitter.com\/MexRoja\/status\/1263855851564961793?ref_src=twsrc%5Etfw\">22 de mayo de 2020<\/a><\/blockquote><\/div>\n<\/div><\/figure>\n\n\n\n<p>\u201cSi\nquiere proceder legalmente contra el caballero, adelante\u201d, le sugiri\u00f3 el\npolic\u00eda a una mujer que se acerc\u00f3 hasta el l\u00edmite del acordonamiento para\nencarar al reportero y exigirle que no grabara.<\/p>\n\n\n\n<p>Le\u00f3n\nRam\u00edrez advirti\u00f3 Javier Santiago que ser\u00eda requerido ante el Ministerio P\u00fablico\npara presentar el video como objeto de prueba, as\u00ed como se le realizar\u00eda una\nentrevista personal. Posteriormente fotografi\u00f3, con su tel\u00e9fono celular, la\nacreditaci\u00f3n del reportero.<\/p>\n\n\n\n<p>Javier\nSantiago explic\u00f3 en todo momento que se encontraba en la v\u00eda p\u00fablica y reconoci\u00f3\nlas restricciones de la ley ante ese tipo de coberturas, las cuales dijo que no\ninfring\u00eda, adem\u00e1s no grab\u00f3 de forma directa el rostro de la mujer que reclam\u00f3.<\/p>\n\n\n\n<p>Esta no\nes la primera vez que elementos de seguridad, de los distintos niveles, tratan\nde impedir la labor de los reporteros. <\/p>\n\n\n\n<p>Recientemente\nocurri\u00f3 tambi\u00e9n con el reportero \u00c1lvaro Cuitl\u00e1huac L\u00f3pez, cuando cubr\u00eda el\nasesinato de una persona en la calzada Madero de la capital de Oaxaca.<\/p>\n","protected":false},"excerpt":{"rendered":"<p>Redacci\u00f3n\/Zona Roja. Oaxaca de Ju\u00e1rez, Oax., 22 de mayo de 2020.- Durante la cobertura este&hellip;<\/p>\n","protected":false},"author":2,"featured_media":12730,"comment_status":"closed","ping_status":"open","sticky":false,"template":"","format":"standard","meta":{"_lmt_disableupdate":"","_lmt_disable":"","_jetpack_memberships_contains_paid_content":false,"footnotes":""},"categories":[109,47],"tags":[1709,1708,77],"class_list":["post-12729","post","type-post","status-publish","format-standard","has-post-thumbnail","hentry","category-minuto-a-minuto","category-zona-gris","tag-agencia-estatal-de-investigaciones-aei","tag-javier-santiago","tag-san-jacinto-amilpas"],"jetpack_featured_media_url":"https:\/\/zonaroja.com.mx\/wp-content\/uploads\/2020\/05\/Agresi\u00f3n-Javier-Santiago.jpg","jetpack_sharing_enabled":true,"_links":{"self":[{"href":"https:\/\/zonaroja.com.mx\/index.php?rest_route=\/wp\/v2\/posts\/12729","targetHints":{"allow":["GET"]}}],"collection":[{"href":"https:\/\/zonaroja.com.mx\/index.php?rest_route=\/wp\/v2\/posts"}],"about":[{"href":"https:\/\/zonaroja.com.mx\/index.php?rest_route=\/wp\/v2\/types\/post"}],"author":[{"embeddable":true,"href":"https:\/\/zonaroja.com.mx\/index.php?rest_route=\/wp\/v2\/users\/2"}],"replies":[{"embeddable":true,"href":"https:\/\/zonaroja.com.mx\/index.php?rest_route=%2Fwp%2Fv2%2Fcomments&post=12729"}],"version-history":[{"count":2,"href":"https:\/\/zonaroja.com.mx\/index.php?rest_route=\/wp\/v2\/posts\/12729\/revisions"}],"predecessor-version":[{"id":12732,"href":"https:\/\/zonaroja.com.mx\/index.php?rest_route=\/wp\/v2\/posts\/12729\/revisions\/12732"}],"wp:featuredmedia":[{"embeddable":true,"href":"https:\/\/zonaroja.com.mx\/index.php?rest_route=\/wp\/v2\/media\/12730"}],"wp:attachment":[{"href":"https:\/\/zonaroja.com.mx\/index.php?rest_route=%2Fwp%2Fv2%2Fmedia&parent=12729"}],"wp:term":[{"taxonomy":"category","embeddable":true,"href":"https:\/\/zonaroja.com.mx\/index.php?rest_route=%2Fwp%2Fv2%2Fcategories&post=12729"},{"taxonomy":"post_tag","embeddable":true,"href":"https:\/\/zonaroja.com.mx\/index.php?rest_route=%2Fwp%2Fv2%2Ftags&post=12729"}],"curies":[{"name":"wp","href":"https:\/\/api.w.org\/{rel}","templated":true}]}}