{"id":12735,"date":"2020-05-22T22:15:28","date_gmt":"2020-05-23T03:15:28","guid":{"rendered":"http:\/\/www.zonaroja.com.mx\/?p=12735"},"modified":"2020-05-22T22:27:02","modified_gmt":"2020-05-23T03:27:02","slug":"desdena-fiscal-de-oaxaca-a-la-fiscalia-anticorrupcion","status":"publish","type":"post","link":"https:\/\/zonaroja.com.mx\/?p=12735","title":{"rendered":"Desde\u00f1a fiscal de Oaxaca a la Fiscal\u00eda Anticorrupci\u00f3n"},"content":{"rendered":"\n<p>Redacci\u00f3n\/Zona Roja Cdmx.<\/p>\n\n\n\n<p>Ciudad de\nde M\u00e9xico, 21 mayo 2020.- Jorge Emilio Iruegas, Fiscal Anticorrupci\u00f3n de\nOaxaca, reclam\u00f3 que esa instituci\u00f3n carece de autonom\u00eda presupuestal por una\nserie de negligencias cometidas por el actual Fiscal General del Estado, Rub\u00e9n\nVasconcelos M\u00e9ndez, public\u00f3 el diario \u201cReforma\u201d.<\/p>\n\n\n\n<p>\u00abA\npesar de las m\u00faltiples solicitudes efectuadas por el suscrito, no solo no se\ntuvieron los recursos necesarios y suficientes para el desempe\u00f1o de las\nfunciones de la Fiscal\u00eda Anticorrupci\u00f3n durante los ejercicios fiscales 2018 y\n2019, sino que tampoco se observar\u00e1 y respetar\u00e1 la independencia necesaria para\nel ejercicio de sus atribuciones de manera eficaz y sin ninguna influencia o\npresi\u00f3n indebida para 2020\u00bb, reclam\u00f3 Iruegas en una misiva enviada en\nabril pasado a Severino Rojas, Oficial Mayor de la Fiscal\u00eda General.<\/p>\n\n\n\n<p>\u00abTal\nparece que se pretende mantener a la Fiscal\u00eda Anticorrupci\u00f3n sin los recursos\nnecesarios y suficientes para este ejercicio fiscal 2020\u00bb, reproch\u00f3\nIruegas en ese entonces, de acuerdo con la publicaci\u00f3n de \u201cReforma\u201d.<\/p>\n\n\n\n<p>Adem\u00e1s,\ncalific\u00f3 de negligente a Vasconcelos por no atender sus oficios enviados por \u00e9l\ndesde 2018, primero para modificar el Reglamento de la Ley Org\u00e1nica de la\nFiscal\u00eda General del Estado de Oaxaca conforme al decreto 1544 y despu\u00e9s enviar\nun paquete presupuestal al Congreso, con autonom\u00eda a la Fiscal\u00eda\nAnticorrupci\u00f3n.<\/p>\n\n\n\n<p>Dicho\ndecreto fue aprobado por la LXIII Legislatura del Estado el 7 de agosto de 2018\ny publicado en el Peri\u00f3dico Oficial n\u00famero 38, Segunda secci\u00f3n, a fin de\nreformar la Ley Org\u00e1nica de la Fiscal\u00eda General del Estado de Oaxaca dotando de\nautonom\u00eda administrativa, t\u00e9cnica, de gesti\u00f3n y decisi\u00f3n a la Fiscal\u00eda\nAnticorrupci\u00f3n del Estado.<\/p>\n\n\n\n<p>Ese\ncambio debi\u00f3 realizarse dentro de los 30 d\u00edas posteriores a la publicaci\u00f3n del\ndecreto, es decir, a m\u00e1s tardar el 23 de octubre de 2018, pero esta\nmodificaci\u00f3n fue publicada en el Peri\u00f3dico Oficial hasta el 17 de enero de 2020\nmediante el acuerdo FGEO\/018\/2019, refiere la informaci\u00f3n de \u201cReforma\u201d.<\/p>\n\n\n\n<p>\u00abEs\ndecir, el fiscal General Rub\u00e9n Vasconcelos M\u00e9ndez tard\u00f3 m\u00e1s de 14 meses para\nmodificar la Ley Org\u00e1nica de la Fiscal\u00eda General y brindar autonom\u00eda plena a la\nFiscal\u00eda Anticorrupci\u00f3n\u00bb, dijo a REFORMA un agente de la Direcci\u00f3n de\nInvestigaci\u00f3n y Procesos de Hechos de Corrupci\u00f3n en la Administraci\u00f3n P\u00fablica\nEstatal y los Poderes del Estado.<\/p>\n\n\n\n<p>En marzo,\nIruegas envi\u00f3 los oficios FGEO\/FEMCCO\/300\/2020 y FGEO\/FEMCCO\/320\/2020 en los que\nsolicit\u00f3 al Oficial Mayor de la Fiscal\u00eda General, Severiano Rojas L\u00e1zaro\ninstrumentar el acuerdo FGEO\/018\/2019.<\/p>\n\n\n\n<p>Las\npeticiones de Iruegas para realizar un plan presupuestario para la Fiscal\u00eda\nAnticorrupci\u00f3n tampoco fueron atendidas.<\/p>\n\n\n\n<p>En\nrespuesta, Rojas L\u00e1zaro, mediante el oficio FGEO\/OM\/827\/2020, refiri\u00f3 que de\nacuerdo a la Ley Estatal de Presupuesto y Responsabilidad Hacendaria y su\nrespectivo reglamento \u00abes materialmente imposible darle cabida a alguna\nmodificaci\u00f3n\u00bb importante a la estructura program\u00e1tica o presupuestal de la\nFiscal\u00eda General.<\/p>\n\n\n\n<p>Para 2020\nel Congreso de Oaxaca dot\u00f3 a la Fiscal\u00eda General con un presupuesto de 723\nmillones 558 mil 887, de acuerdo con el paquete fiscal, a\u00f1adi\u00f3 \u201cReforma\u201d.<\/p>\n\n\n\n<p>A\npropuesta del Gobernador, Alejandro Murat Hinojosa, y con 39 votos a favor, el\nPleno de la LXIII Legislatura del Estado eligi\u00f3 en 2017 a Rub\u00e9n Vasconcelos\nM\u00e9ndez como nuevo Fiscal General de Justicia del estado de Oaxaca, en\nsustituci\u00f3n de H\u00e9ctor Joaqu\u00edn Carrillo Ruiz, quien renunci\u00f3 al ser relegado por\nsus supuestos v\u00ednculos con el Mandatario Gabino Cu\u00e9 Monteagudo.<\/p>\n","protected":false},"excerpt":{"rendered":"<p>Redacci\u00f3n\/Zona Roja Cdmx. Ciudad de de M\u00e9xico, 21 mayo 2020.- Jorge Emilio Iruegas, Fiscal Anticorrupci\u00f3n&hellip;<\/p>\n","protected":false},"author":2,"featured_media":12741,"comment_status":"closed","ping_status":"open","sticky":false,"template":"","format":"standard","meta":{"_lmt_disableupdate":"","_lmt_disable":"","_jetpack_memberships_contains_paid_content":false,"footnotes":""},"categories":[109,47],"tags":[494,170],"class_list":["post-12735","post","type-post","status-publish","format-standard","has-post-thumbnail","hentry","category-minuto-a-minuto","category-zona-gris","tag-fiscalia-general-del-estado-de-oaxaca","tag-ruben-vasconcelos-mendez"],"jetpack_featured_media_url":"https:\/\/zonaroja.com.mx\/wp-content\/uploads\/2020\/05\/8aad1609-9fcd-4272-8a13-3640e3115699.jpg","jetpack_sharing_enabled":true,"_links":{"self":[{"href":"https:\/\/zonaroja.com.mx\/index.php?rest_route=\/wp\/v2\/posts\/12735","targetHints":{"allow":["GET"]}}],"collection":[{"href":"https:\/\/zonaroja.com.mx\/index.php?rest_route=\/wp\/v2\/posts"}],"about":[{"href":"https:\/\/zonaroja.com.mx\/index.php?rest_route=\/wp\/v2\/types\/post"}],"author":[{"embeddable":true,"href":"https:\/\/zonaroja.com.mx\/index.php?rest_route=\/wp\/v2\/users\/2"}],"replies":[{"embeddable":true,"href":"https:\/\/zonaroja.com.mx\/index.php?rest_route=%2Fwp%2Fv2%2Fcomments&post=12735"}],"version-history":[{"count":1,"href":"https:\/\/zonaroja.com.mx\/index.php?rest_route=\/wp\/v2\/posts\/12735\/revisions"}],"predecessor-version":[{"id":12736,"href":"https:\/\/zonaroja.com.mx\/index.php?rest_route=\/wp\/v2\/posts\/12735\/revisions\/12736"}],"wp:featuredmedia":[{"embeddable":true,"href":"https:\/\/zonaroja.com.mx\/index.php?rest_route=\/wp\/v2\/media\/12741"}],"wp:attachment":[{"href":"https:\/\/zonaroja.com.mx\/index.php?rest_route=%2Fwp%2Fv2%2Fmedia&parent=12735"}],"wp:term":[{"taxonomy":"category","embeddable":true,"href":"https:\/\/zonaroja.com.mx\/index.php?rest_route=%2Fwp%2Fv2%2Fcategories&post=12735"},{"taxonomy":"post_tag","embeddable":true,"href":"https:\/\/zonaroja.com.mx\/index.php?rest_route=%2Fwp%2Fv2%2Ftags&post=12735"}],"curies":[{"name":"wp","href":"https:\/\/api.w.org\/{rel}","templated":true}]}}