{"id":12742,"date":"2020-05-23T07:46:50","date_gmt":"2020-05-23T12:46:50","guid":{"rendered":"http:\/\/www.zonaroja.com.mx\/?p=12742"},"modified":"2020-05-23T07:46:53","modified_gmt":"2020-05-23T12:46:53","slug":"peligran-plantas-eolicas-de-oaxaca-por-reformas-de-la-4t","status":"publish","type":"post","link":"https:\/\/zonaroja.com.mx\/?p=12742","title":{"rendered":"Peligran plantas e\u00f3licas de Oaxaca, por reformas de la 4T"},"content":{"rendered":"\n<p>Redacci\u00f3n\/Zona\nRoja.<\/p>\n\n\n\n<p>Oaxaca de\nJu\u00e1rez, Oax., 23 de mayo de 2020.- Los parques e\u00f3licos operados por Iberdrola,\nAcciona y Grupo Cobra en Oaxaca ser\u00edan renegociados para fijar nuevas\ncondiciones de compra de la energ\u00eda el\u00e9ctrica por parte de la Comisi\u00f3n Federal\nde Electricidad (CFE), revelaron fuentes del sector energ\u00e9tico.<\/p>\n\n\n\n<p>De\nacuerdo con informaci\u00f3n publicada por el diario \u201cEl Universal\u201d, el gobierno\nfederal tiene en la mira los contratos que se firmaron con generadores e\u00f3licos\nprivados en administraciones pasadas.<\/p>\n\n\n\n<p>En\nOaxaca, el Gobierno del Estado ha presumido que en la regi\u00f3n del Istmo de\nTehuantepec, concretamente en la zona de La Venta-La Ventosa, Juchit\u00e1n, hay\ninstalada una de las mayores infraestructuras de producci\u00f3n de energ\u00eda por el\nviento.<\/p>\n\n\n\n<p>No\nobstante, el gobierno de la Cuarta Transformaci\u00f3n que encabeza Andr\u00e9s Manuel\nL\u00f3pez Obrador a trav\u00e9s de la Comisi\u00f3n Federal de Electricidad prev\u00e9, de acuerdo\ncon el calendario hist\u00f3rico de pagos por adquisici\u00f3n de electricidad, no\ncontabiliza presupuesto en 2021 para comprarles electricidad a las centrales La\nVenta III, de Iberdrola; Oaxaca I, de Grupo Cobra, as\u00ed como a Oaxaca II, III y\nIV, de Acciona.<\/p>\n\n\n\n<p>Dichos\ncontratos para la construcci\u00f3n de los parques e\u00f3licos bajo el esquema de\nInversi\u00f3n Financiada Condicionada amparan la compra de energ\u00eda el\u00e9ctrica limpia\npor 20 a\u00f1os, y este 2020 se cumple la mitad del plazo, a\u00f1ade la informaci\u00f3n\npublicada hoy por \u201cEl Universal\u201d. <\/p>\n\n\n\n<p>Hasta\nahora, la empresa estatal ha desembolsado 19 mil 726.1 millones de pesos para\npagar la energ\u00eda el\u00e9ctrica que estas centrales le han vendido desde 2010.\nConsultada al respecto por \u201cEl Universal\u201d, la Asociaci\u00f3n Mexicana de Energ\u00eda\nE\u00f3lica (AMDEE), como vocera de las compa\u00f1\u00edas privadas involucradas, reconoci\u00f3\nque la renegociaci\u00f3n \u201ces algo que pudiera ocurrir\u201d. <\/p>\n\n\n\n<p>Pero si\nla CFE falla en algunos de estos contratos, por ejemplo, al dejar de comprar y\npagar, ello implicar\u00eda la rescisi\u00f3n del trato y el titular \u201cpodr\u00eda demandar al\ngobierno mexicano por la totalidad del valor de los activos\u201d. <\/p>\n\n\n\n<p>Son\nplantas que llevan muchos a\u00f1os en operaci\u00f3n y, aunque el bien est\u00e9 totalmente\namortizado, \u201cse tiene que pagar el remanente del contrato, lo que significa que\naunque la CFE decida dejar de pagar, esto generar\u00eda un pasivo para el gobierno\nque tiene que liquidar\u201d, refiere la informaci\u00f3n.<\/p>\n","protected":false},"excerpt":{"rendered":"<p>Redacci\u00f3n\/Zona Roja. Oaxaca de Ju\u00e1rez, Oax., 23 de mayo de 2020.- Los parques e\u00f3licos operados&hellip;<\/p>\n","protected":false},"author":2,"featured_media":12743,"comment_status":"closed","ping_status":"open","sticky":false,"template":"","format":"standard","meta":{"_lmt_disableupdate":"","_lmt_disable":"","_jetpack_memberships_contains_paid_content":false,"footnotes":""},"categories":[109,47],"tags":[1710],"class_list":["post-12742","post","type-post","status-publish","format-standard","has-post-thumbnail","hentry","category-minuto-a-minuto","category-zona-gris","tag-energia-eolica-oaxaca"],"jetpack_featured_media_url":"https:\/\/zonaroja.com.mx\/wp-content\/uploads\/2020\/05\/Parques-e\u00f3licos.jpg","jetpack_sharing_enabled":true,"_links":{"self":[{"href":"https:\/\/zonaroja.com.mx\/index.php?rest_route=\/wp\/v2\/posts\/12742","targetHints":{"allow":["GET"]}}],"collection":[{"href":"https:\/\/zonaroja.com.mx\/index.php?rest_route=\/wp\/v2\/posts"}],"about":[{"href":"https:\/\/zonaroja.com.mx\/index.php?rest_route=\/wp\/v2\/types\/post"}],"author":[{"embeddable":true,"href":"https:\/\/zonaroja.com.mx\/index.php?rest_route=\/wp\/v2\/users\/2"}],"replies":[{"embeddable":true,"href":"https:\/\/zonaroja.com.mx\/index.php?rest_route=%2Fwp%2Fv2%2Fcomments&post=12742"}],"version-history":[{"count":1,"href":"https:\/\/zonaroja.com.mx\/index.php?rest_route=\/wp\/v2\/posts\/12742\/revisions"}],"predecessor-version":[{"id":12744,"href":"https:\/\/zonaroja.com.mx\/index.php?rest_route=\/wp\/v2\/posts\/12742\/revisions\/12744"}],"wp:featuredmedia":[{"embeddable":true,"href":"https:\/\/zonaroja.com.mx\/index.php?rest_route=\/wp\/v2\/media\/12743"}],"wp:attachment":[{"href":"https:\/\/zonaroja.com.mx\/index.php?rest_route=%2Fwp%2Fv2%2Fmedia&parent=12742"}],"wp:term":[{"taxonomy":"category","embeddable":true,"href":"https:\/\/zonaroja.com.mx\/index.php?rest_route=%2Fwp%2Fv2%2Fcategories&post=12742"},{"taxonomy":"post_tag","embeddable":true,"href":"https:\/\/zonaroja.com.mx\/index.php?rest_route=%2Fwp%2Fv2%2Ftags&post=12742"}],"curies":[{"name":"wp","href":"https:\/\/api.w.org\/{rel}","templated":true}]}}