{"id":12758,"date":"2020-05-23T14:07:18","date_gmt":"2020-05-23T19:07:18","guid":{"rendered":"http:\/\/www.zonaroja.com.mx\/?p=12758"},"modified":"2020-05-23T14:07:23","modified_gmt":"2020-05-23T19:07:23","slug":"dan-positivo-a-covid-19-siete-internos-del-reclusorio-de-tanivet-tlacolula","status":"publish","type":"post","link":"https:\/\/zonaroja.com.mx\/?p=12758","title":{"rendered":"Dan positivo a Covid-19 siete internos del reclusorio de Tanivet, Tlacolula"},"content":{"rendered":"\n<p>Redacci\u00f3n\/Zona\nRoja.<\/p>\n\n\n\n<p>Oaxaca de\nJu\u00e1rez, Oax., 23 de mayo de 2020.- Siete internos del Centro de Readaptaci\u00f3n\nSocial (Cereso) varonil ubicado en San Francisco Tanivet, Tlacolula de\nMatamoros, dieron positivo a Covid-19.<\/p>\n\n\n\n<p>As\u00ed lo\nconfirm\u00f3 el gobierno estatal a trav\u00e9s de la Secretar\u00eda de Seguridad P\u00fablica de\nOaxaca (SSPO), tras la aplicaci\u00f3n de las pruebas respectivas por parte de los\nServicios de Salud de Oaxaca (SSO).<\/p>\n\n\n\n<p>En un\ncomunicado, indic\u00f3 que las siete personas privadas de libertad, de los\npabellones 1 y 4, se mantienen en aislamiento en el \u00e1rea de hospitalizaci\u00f3n de\neste centro penitenciario, \u201cdonde est\u00e1n bajo vigilancia y observaci\u00f3n\npermanentes, con las debidas precauciones sanitarias de acuerdo a los grupos de\nriesgo\u201d.<\/p>\n\n\n\n<p>Expuso\nque para garantizar el bienestar de los internos, personal administrativo, as\u00ed\ncomo de elementos de seguridad y custodia, desde el inicio de la contingencia\nen la entidad, la SSPO ha llevado a cabo las medidas de prevenci\u00f3n y ha\nrealizado trabajos de sanitizaci\u00f3n en ese y otros centros penitenciarios.<\/p>\n\n\n\n<p>Tambi\u00e9n\nse han entregado de equipo de protecci\u00f3n (cubre bocas, guantes y caretas o\nmascarillas) al personal operativo y m\u00e9dico del lugar.<\/p>\n\n\n\n<p>\u201cEl\npersonal y la poblaci\u00f3n penitenciaria que estuvo en contacto con las siete personas\nprivadas de libertad que dieron positivo a Covid-19, se encuentra bajo las\nmismas medidas de atenci\u00f3n y observaci\u00f3n m\u00e9dica.<\/p>\n\n\n\n<p>\u201cAsimismo,\na trav\u00e9s de la Subsecretar\u00eda de Prevenci\u00f3n y Reinserci\u00f3n Social, se mantiene\ncomunicaci\u00f3n permanente con sus familias.<\/p>\n\n\n\n<p>\u201cDe igual\nmanera, se ha solicitado a los SSO el monitoreo constante del desarrollo\nepidemiol\u00f3gico de los 11 centros penitenciarios de la entidad\u201d, puntualiz\u00f3 la\ndependencia estatal.<\/p>\n","protected":false},"excerpt":{"rendered":"<p>Redacci\u00f3n\/Zona Roja. Oaxaca de Ju\u00e1rez, Oax., 23 de mayo de 2020.- Siete internos del Centro&hellip;<\/p>\n","protected":false},"author":2,"featured_media":12759,"comment_status":"closed","ping_status":"open","sticky":false,"template":"","format":"standard","meta":{"_lmt_disableupdate":"","_lmt_disable":"","_jetpack_memberships_contains_paid_content":false,"footnotes":""},"categories":[109,47],"tags":[1512],"class_list":["post-12758","post","type-post","status-publish","format-standard","has-post-thumbnail","hentry","category-minuto-a-minuto","category-zona-gris","tag-coronavirus-oaxaca"],"jetpack_featured_media_url":"https:\/\/zonaroja.com.mx\/wp-content\/uploads\/2020\/05\/Reclusorio-varonil-Tanivet.png","jetpack_sharing_enabled":true,"_links":{"self":[{"href":"https:\/\/zonaroja.com.mx\/index.php?rest_route=\/wp\/v2\/posts\/12758","targetHints":{"allow":["GET"]}}],"collection":[{"href":"https:\/\/zonaroja.com.mx\/index.php?rest_route=\/wp\/v2\/posts"}],"about":[{"href":"https:\/\/zonaroja.com.mx\/index.php?rest_route=\/wp\/v2\/types\/post"}],"author":[{"embeddable":true,"href":"https:\/\/zonaroja.com.mx\/index.php?rest_route=\/wp\/v2\/users\/2"}],"replies":[{"embeddable":true,"href":"https:\/\/zonaroja.com.mx\/index.php?rest_route=%2Fwp%2Fv2%2Fcomments&post=12758"}],"version-history":[{"count":1,"href":"https:\/\/zonaroja.com.mx\/index.php?rest_route=\/wp\/v2\/posts\/12758\/revisions"}],"predecessor-version":[{"id":12760,"href":"https:\/\/zonaroja.com.mx\/index.php?rest_route=\/wp\/v2\/posts\/12758\/revisions\/12760"}],"wp:featuredmedia":[{"embeddable":true,"href":"https:\/\/zonaroja.com.mx\/index.php?rest_route=\/wp\/v2\/media\/12759"}],"wp:attachment":[{"href":"https:\/\/zonaroja.com.mx\/index.php?rest_route=%2Fwp%2Fv2%2Fmedia&parent=12758"}],"wp:term":[{"taxonomy":"category","embeddable":true,"href":"https:\/\/zonaroja.com.mx\/index.php?rest_route=%2Fwp%2Fv2%2Fcategories&post=12758"},{"taxonomy":"post_tag","embeddable":true,"href":"https:\/\/zonaroja.com.mx\/index.php?rest_route=%2Fwp%2Fv2%2Ftags&post=12758"}],"curies":[{"name":"wp","href":"https:\/\/api.w.org\/{rel}","templated":true}]}}