{"id":12763,"date":"2020-05-23T16:15:12","date_gmt":"2020-05-23T21:15:12","guid":{"rendered":"http:\/\/www.zonaroja.com.mx\/?p=12763"},"modified":"2020-05-23T19:26:27","modified_gmt":"2020-05-24T00:26:27","slug":"diputado-othon-cuevas-rechaza-propuesta-de-eliminar-fonden","status":"publish","type":"post","link":"https:\/\/zonaroja.com.mx\/?p=12763","title":{"rendered":"Diputado Oth\u00f3n Cuevas rechaza propuesta de eliminar Fonden"},"content":{"rendered":"\n<p>Yuridiana Sosa\/Zona Roja. Foto: Archivo<\/p>\n\n\n\n<p>Oaxaca de\nJu\u00e1rez, Oax., 23 de mayo de 2020.- El diputado por Morena en Oaxaca, Oth\u00f3n\nCuevas C\u00f3rdova, se manifest\u00f3 contra la iniciativa de la diputada federal\nDolores Padierna, para desaparecer el Fondo de Desastres Naturales (Fonden),\ncon el supuesto fin de enfrentar con esos recursos la crisis por el Covid-19.<\/p>\n\n\n\n<p>Como presidente\nde la Comisi\u00f3n Permanente de Protecci\u00f3n Civil del Congreso de Oaxaca, el\nintegrante de la 64 Legislatura rechaz\u00f3 la propuesta de su hom\u00f3loga federal\npresentada el pasado jueves.<\/p>\n\n\n\n<p>Cuevas C\u00f3rdova expuso que hoy, frente a la pandemia por coronavirus, queda claro que invertir en la prevenci\u00f3n debe de ser una prioridad y Oaxaca se caracteriza por la presencia de diversos fen\u00f3menos naturales.<\/p>\n\n\n\n<p>\u201cEstoy\nconsciente que los desastres naturales son inevitables, pero los da\u00f1os que\nestos causan pueden minimizarse\u201d, expres\u00f3 el legislador.<\/p>\n\n\n\n<p>La\ndiputada Dolores Padierna plate\u00f3, a nombre de la fracci\u00f3n parlamentaria de\nMorena, la desaparici\u00f3n del Fondo de Desastres Naturales (Fonden), as\u00ed como el\nde otros 43 fideicomisos, con el plan de atender la crisis de salud y econ\u00f3mica\ngenerada por la pandemia.<\/p>\n\n\n\n<p>Eso\nimplicar\u00eda la derogaci\u00f3n del Art\u00edculo 37 de la Ley Federal del Presupuesto y\nResponsabilidad Hacendaria, que delinea la operaci\u00f3n del Fonden.<\/p>\n\n\n\n<p>El Fonden\nes un fideicomiso mediante el cual el gobierno federal proporciona de inmediato\nrecursos financieros o materiales a las entidades del pa\u00eds, cuando ocurre alg\u00fan\ndesastre natural que las autoridades locales no pueden enfrentar, debido a la\nmagnitud.<\/p>\n","protected":false},"excerpt":{"rendered":"<p>Yuridiana Sosa\/Zona Roja. Foto: Archivo Oaxaca de Ju\u00e1rez, Oax., 23 de mayo de 2020.- El&hellip;<\/p>\n","protected":false},"author":2,"featured_media":12764,"comment_status":"closed","ping_status":"open","sticky":false,"template":"","format":"standard","meta":{"_lmt_disableupdate":"","_lmt_disable":"","_jetpack_memberships_contains_paid_content":false,"footnotes":""},"categories":[109,47],"tags":[1311],"class_list":["post-12763","post","type-post","status-publish","format-standard","has-post-thumbnail","hentry","category-minuto-a-minuto","category-zona-gris","tag-othon-cuevas-cordova"],"jetpack_featured_media_url":"https:\/\/zonaroja.com.mx\/wp-content\/uploads\/2020\/05\/Desastres-naturales.jpg","jetpack_sharing_enabled":true,"_links":{"self":[{"href":"https:\/\/zonaroja.com.mx\/index.php?rest_route=\/wp\/v2\/posts\/12763","targetHints":{"allow":["GET"]}}],"collection":[{"href":"https:\/\/zonaroja.com.mx\/index.php?rest_route=\/wp\/v2\/posts"}],"about":[{"href":"https:\/\/zonaroja.com.mx\/index.php?rest_route=\/wp\/v2\/types\/post"}],"author":[{"embeddable":true,"href":"https:\/\/zonaroja.com.mx\/index.php?rest_route=\/wp\/v2\/users\/2"}],"replies":[{"embeddable":true,"href":"https:\/\/zonaroja.com.mx\/index.php?rest_route=%2Fwp%2Fv2%2Fcomments&post=12763"}],"version-history":[{"count":2,"href":"https:\/\/zonaroja.com.mx\/index.php?rest_route=\/wp\/v2\/posts\/12763\/revisions"}],"predecessor-version":[{"id":12772,"href":"https:\/\/zonaroja.com.mx\/index.php?rest_route=\/wp\/v2\/posts\/12763\/revisions\/12772"}],"wp:featuredmedia":[{"embeddable":true,"href":"https:\/\/zonaroja.com.mx\/index.php?rest_route=\/wp\/v2\/media\/12764"}],"wp:attachment":[{"href":"https:\/\/zonaroja.com.mx\/index.php?rest_route=%2Fwp%2Fv2%2Fmedia&parent=12763"}],"wp:term":[{"taxonomy":"category","embeddable":true,"href":"https:\/\/zonaroja.com.mx\/index.php?rest_route=%2Fwp%2Fv2%2Fcategories&post=12763"},{"taxonomy":"post_tag","embeddable":true,"href":"https:\/\/zonaroja.com.mx\/index.php?rest_route=%2Fwp%2Fv2%2Ftags&post=12763"}],"curies":[{"name":"wp","href":"https:\/\/api.w.org\/{rel}","templated":true}]}}