{"id":12766,"date":"2020-05-23T16:20:03","date_gmt":"2020-05-23T21:20:03","guid":{"rendered":"http:\/\/www.zonaroja.com.mx\/?p=12766"},"modified":"2020-05-23T16:20:07","modified_gmt":"2020-05-23T21:20:07","slug":"conflicto-agrario-impide-atencion-a-incendio-en-la-mixteca","status":"publish","type":"post","link":"https:\/\/zonaroja.com.mx\/?p=12766","title":{"rendered":"Conflicto agrario impide atenci\u00f3n a incendio en la Mixteca"},"content":{"rendered":"\n<p>Yuridiana\nSosa\/Zona Roja.<\/p>\n\n\n\n<p>Oaxaca de\nJu\u00e1rez, Oax., 23 de abril de 2020.- Desde hace tres d\u00edas, un incendio arrasa\ncon la vegetaci\u00f3n entre las comunidades de Piedra Brujo y Mojonera, del\nmunicipio de San Jos\u00e9 Infiernillo, en la regi\u00f3n Mixteca; sin embargo, no se ha\natendido por parte de ninguna brigada.<\/p>\n\n\n\n<p>El\ndirector de la Comisi\u00f3n Estatal Forestal (Coesfo), Aar\u00f3n Ju\u00e1rez, se\u00f1al\u00f3 que\ndebido al conflicto agrario, los combatientes no han recibido la autorizaci\u00f3n\npor parte de las autoridades locales para su ingreso, al igual que brigadas de\nla Comisi\u00f3n Nacional Forestal.<\/p>\n\n\n\n<p>Por eso\nmotivo, explic\u00f3, desconocen la magnitud de la conflagraci\u00f3n, pues de ingresar\nser\u00eda bajo el propio riesgo del cuerpo de apoyo.<\/p>\n\n\n\n<p>El\nincendio de esa comunidad, del distrito de Juxtlahuaca en la Mixteca es el\n\u00fanico activo en el estado hasta este 23 de mayo.<\/p>\n\n\n\n<p>La Coesfo\nreport\u00f3 que durante este a\u00f1o se han presentado 188 incendios, de los que 187\nest\u00e1n liquidados, con una superficie afectada de 11 mil 876 mil 96 hect\u00e1reas,\nlo que significan cinco mil 276 hect\u00e1reas m\u00e1s, aproximadamente, de las\nregistradas con corte al 27 de abril.<\/p>\n","protected":false},"excerpt":{"rendered":"<p>Yuridiana Sosa\/Zona Roja. Oaxaca de Ju\u00e1rez, Oax., 23 de abril de 2020.- Desde hace tres&hellip;<\/p>\n","protected":false},"author":2,"featured_media":12767,"comment_status":"closed","ping_status":"open","sticky":false,"template":"","format":"standard","meta":{"_lmt_disableupdate":"","_lmt_disable":"","_jetpack_memberships_contains_paid_content":false,"footnotes":""},"categories":[109,47],"tags":[1255],"class_list":["post-12766","post","type-post","status-publish","format-standard","has-post-thumbnail","hentry","category-minuto-a-minuto","category-zona-gris","tag-comision-estatal-forestal-de-oaxaca"],"jetpack_featured_media_url":"https:\/\/zonaroja.com.mx\/wp-content\/uploads\/2020\/05\/Incendio.jpg","jetpack_sharing_enabled":true,"_links":{"self":[{"href":"https:\/\/zonaroja.com.mx\/index.php?rest_route=\/wp\/v2\/posts\/12766","targetHints":{"allow":["GET"]}}],"collection":[{"href":"https:\/\/zonaroja.com.mx\/index.php?rest_route=\/wp\/v2\/posts"}],"about":[{"href":"https:\/\/zonaroja.com.mx\/index.php?rest_route=\/wp\/v2\/types\/post"}],"author":[{"embeddable":true,"href":"https:\/\/zonaroja.com.mx\/index.php?rest_route=\/wp\/v2\/users\/2"}],"replies":[{"embeddable":true,"href":"https:\/\/zonaroja.com.mx\/index.php?rest_route=%2Fwp%2Fv2%2Fcomments&post=12766"}],"version-history":[{"count":1,"href":"https:\/\/zonaroja.com.mx\/index.php?rest_route=\/wp\/v2\/posts\/12766\/revisions"}],"predecessor-version":[{"id":12768,"href":"https:\/\/zonaroja.com.mx\/index.php?rest_route=\/wp\/v2\/posts\/12766\/revisions\/12768"}],"wp:featuredmedia":[{"embeddable":true,"href":"https:\/\/zonaroja.com.mx\/index.php?rest_route=\/wp\/v2\/media\/12767"}],"wp:attachment":[{"href":"https:\/\/zonaroja.com.mx\/index.php?rest_route=%2Fwp%2Fv2%2Fmedia&parent=12766"}],"wp:term":[{"taxonomy":"category","embeddable":true,"href":"https:\/\/zonaroja.com.mx\/index.php?rest_route=%2Fwp%2Fv2%2Fcategories&post=12766"},{"taxonomy":"post_tag","embeddable":true,"href":"https:\/\/zonaroja.com.mx\/index.php?rest_route=%2Fwp%2Fv2%2Ftags&post=12766"}],"curies":[{"name":"wp","href":"https:\/\/api.w.org\/{rel}","templated":true}]}}