{"id":12769,"date":"2020-05-23T16:26:55","date_gmt":"2020-05-23T21:26:55","guid":{"rendered":"http:\/\/www.zonaroja.com.mx\/?p=12769"},"modified":"2020-05-23T16:26:59","modified_gmt":"2020-05-23T21:26:59","slug":"pide-ddhpo-a-gobierno-dotar-de-insumos-y-cuidad-a-personal-medico","status":"publish","type":"post","link":"https:\/\/zonaroja.com.mx\/?p=12769","title":{"rendered":"Pide DDHPO a gobierno dotar de insumos y cuidad a personal m\u00e9dico"},"content":{"rendered":"\n<p>Redacci\u00f3n\/Zona\nRoja.<\/p>\n\n\n\n<p>Oaxaca de\nJu\u00e1rez, Oax., 23 de mayo de 2020.- Ante el incremento en el n\u00famero de casos de\nCovid-19 entre personal m\u00e9dico y de enfermer\u00eda, as\u00ed como de elementos\npolic\u00edacos que resguardan los filtros sanitarios en la capital del estado, la\nDefensor\u00eda de los Derechos Humanos del Pueblo de Oaxaca (DDHPO), urgi\u00f3 a las\nautoridades federales, estatales y municipales, a dotar de los insumos\nnecesarios a dicho personal.<\/p>\n\n\n\n<p>De la\nmisma manera, fortalecer los protocolos de actuaci\u00f3n para evitar contagios en\nla actual fase de la pandemia. <\/p>\n\n\n\n<p>En un\ncomunicado, el \u00f3rgano aut\u00f3nomo manifest\u00f3 su preocupaci\u00f3n por el aumento en el\nn\u00famero de contagios registrados en los \u00faltimos d\u00edas en la entidad, lo que a su\nvez conlleva una mayor exposici\u00f3n del personal sanitario y de los elementos\npolic\u00edacos, que de no atenderse de manera inmediata podr\u00edan afectar la fuerza\nlaboral, moral,&nbsp; f\u00edsica y mental de estos\nservidores p\u00fablicos.<\/p>\n\n\n\n<p>Para la\nDDHPO el valor y compromiso de quienes no dudan en ponerse en riesgo para\natender a otros durante esta contingencia no s\u00f3lo merece el respeto y\nadmiraci\u00f3n, sino tambi\u00e9n implica una obligaci\u00f3n para las autoridades de todos\nlos niveles de gobierno de garantizarles el equipo suficiente para que puedan\nseguir desarrollando sus actividades de manera segura.<\/p>\n\n\n\n<p>La DDHPO\nadvirti\u00f3 el riesgo en el que se encuentran m\u00e9dicos y enfermeras de todas las\nunidades al momento de brindar atenci\u00f3n a pacientes con o sin sintomatolog\u00eda de\nCovid-19 y carecer de equipo necesario, de tal forma que sostuvo, es\ninaplazable que el personal sanitario cuente con protecci\u00f3n personal, tal como\nmascarillas especiales, guantes, batas y todos los insumos que sean\npertinentes.<\/p>\n\n\n\n<p>As\u00ed\ntambi\u00e9n, la DDHPO advirti\u00f3 la existencia de actos de intimidaci\u00f3n, agresi\u00f3n e\nincluso retenci\u00f3n contra personal de salud o de servicio social en diversas\nregiones&nbsp; del estado, producto de actos\nde estigmatizaci\u00f3n, lo cual es completamente reprobable.<\/p>\n\n\n\n<p>En este\nsentido, sostuvo, es importante que la sociedad no criminalice a las personas\nque presentan la enfermedad, ya que cuando esto ocurre, los familiares\nenfrentan actos de discriminaci\u00f3n, e incluso las autoridades municipales\nreciben presi\u00f3n por parte de la poblaci\u00f3n para negar los contagios.<\/p>\n\n\n\n<p>La Defensor\u00eda\ntambi\u00e9n extern\u00f3 su preocupaci\u00f3n por los contagios registrados entre\nalgunas&nbsp; corporaciones polic\u00edacas de la\nentidad, pues el trabajo de estos servidores p\u00fablicos en terreno es esencial\npara garantizar el buen funcionamiento de las instituciones de salud, lugares\nde abastecimiento de v\u00edveres y en general, la seguridad p\u00fablica en nuestros\nterritorios durante la pandemia.<\/p>\n\n\n\n<p>Ante\nello, destac\u00f3 que es fundamental que las y los polic\u00edas cuenten con el equipo y\nprotocolos necesarios para cumplir con sus actividades, evitando el riesgo de\ncontagio y consecuentemente, no convertirse en transmisores de la enfermedad.<\/p>\n\n\n\n<p>De igual\nforma, la DDHPO emplaz\u00f3 a las autoridades sanitarias y de seguridad p\u00fablica a\nrespetar la libertad de expresi\u00f3n y de manifestaci\u00f3n de sus propios servidores\np\u00fablicos respecto a la defensa y exigencia de sus derechos humanos, pues dicha\nactividad adem\u00e1s de estar protegida por instrumentos internacionales,\nnacionales y locales de derechos humanos,&nbsp;\ngarantiza el conocimiento de situaciones que pudieran estar poniendo en\nriesgo derechos fundamentales de ese sector poblacional.<\/p>\n","protected":false},"excerpt":{"rendered":"<p>Redacci\u00f3n\/Zona Roja. Oaxaca de Ju\u00e1rez, Oax., 23 de mayo de 2020.- Ante el incremento en&hellip;<\/p>\n","protected":false},"author":2,"featured_media":12770,"comment_status":"closed","ping_status":"open","sticky":false,"template":"","format":"standard","meta":{"_lmt_disableupdate":"","_lmt_disable":"","_jetpack_memberships_contains_paid_content":false,"footnotes":""},"categories":[109,47],"tags":[1512,286],"class_list":["post-12769","post","type-post","status-publish","format-standard","has-post-thumbnail","hentry","category-minuto-a-minuto","category-zona-gris","tag-coronavirus-oaxaca","tag-defensoria-de-los-derechos-humanos-del-pueblo-de-oaxaca"],"jetpack_featured_media_url":"https:\/\/zonaroja.com.mx\/wp-content\/uploads\/2020\/05\/Insumos-Covid-3.jpg","jetpack_sharing_enabled":true,"_links":{"self":[{"href":"https:\/\/zonaroja.com.mx\/index.php?rest_route=\/wp\/v2\/posts\/12769","targetHints":{"allow":["GET"]}}],"collection":[{"href":"https:\/\/zonaroja.com.mx\/index.php?rest_route=\/wp\/v2\/posts"}],"about":[{"href":"https:\/\/zonaroja.com.mx\/index.php?rest_route=\/wp\/v2\/types\/post"}],"author":[{"embeddable":true,"href":"https:\/\/zonaroja.com.mx\/index.php?rest_route=\/wp\/v2\/users\/2"}],"replies":[{"embeddable":true,"href":"https:\/\/zonaroja.com.mx\/index.php?rest_route=%2Fwp%2Fv2%2Fcomments&post=12769"}],"version-history":[{"count":1,"href":"https:\/\/zonaroja.com.mx\/index.php?rest_route=\/wp\/v2\/posts\/12769\/revisions"}],"predecessor-version":[{"id":12771,"href":"https:\/\/zonaroja.com.mx\/index.php?rest_route=\/wp\/v2\/posts\/12769\/revisions\/12771"}],"wp:featuredmedia":[{"embeddable":true,"href":"https:\/\/zonaroja.com.mx\/index.php?rest_route=\/wp\/v2\/media\/12770"}],"wp:attachment":[{"href":"https:\/\/zonaroja.com.mx\/index.php?rest_route=%2Fwp%2Fv2%2Fmedia&parent=12769"}],"wp:term":[{"taxonomy":"category","embeddable":true,"href":"https:\/\/zonaroja.com.mx\/index.php?rest_route=%2Fwp%2Fv2%2Fcategories&post=12769"},{"taxonomy":"post_tag","embeddable":true,"href":"https:\/\/zonaroja.com.mx\/index.php?rest_route=%2Fwp%2Fv2%2Ftags&post=12769"}],"curies":[{"name":"wp","href":"https:\/\/api.w.org\/{rel}","templated":true}]}}