{"id":12773,"date":"2020-05-23T20:19:57","date_gmt":"2020-05-24T01:19:57","guid":{"rendered":"http:\/\/www.zonaroja.com.mx\/?p=12773"},"modified":"2020-05-23T20:20:04","modified_gmt":"2020-05-24T01:20:04","slug":"neumologos-en-oaxaca-llaman-con-urgencia-a-poblacion-a-disminuir-movilidad","status":"publish","type":"post","link":"https:\/\/zonaroja.com.mx\/?p=12773","title":{"rendered":"Neum\u00f3logos en Oaxaca llaman con urgencia a poblaci\u00f3n a disminuir movilidad"},"content":{"rendered":"\n<p>Yuridiana\nSosa\/Zona Roja.<\/p>\n\n\n\n<p>Oaxaca de\nJu\u00e1rez, Oax., 23 de mayo de 2020.-&nbsp;\nFrente al crecimiento acelerado de casos de Covid-19 en la entidad,\ndonde el sistema p\u00fablico de Salud est\u00e1 en v\u00edas del colapso, la Asociaci\u00f3n\nOaxaque\u00f1a de Neumolog\u00eda exhort\u00f3 a la poblaci\u00f3n a no relajar la Jornada de Sana\nDistancia, pues lo m\u00e1s cr\u00edtico se espera para junio.<\/p>\n\n\n\n<p>Luego que\nen la conferencia diaria de la Secretar\u00eda de Salud a nivel federal donde el\nsubsecretario Hugo L\u00f3pez- Gatell present\u00f3 el crecimiento desacelerado en Oaxaca\nen la \u00faltima semana, como consecuencia de la movilidad social, la asociaci\u00f3n\ntambi\u00e9n explic\u00f3 el escenario.<\/p>\n\n\n\n<p>\u201cUrgente\ndisminuir la movilidad en Oaxaca\u201d, cit\u00f3 la Asociaci\u00f3n de Neumolog\u00eda, que dijo,\ncon base a informaci\u00f3n oficial, que \u201cvamos muy por arriba de nuestra peor\npredicci\u00f3n y ni siquiera hemos llegado al pico (de los contagios) se prev\u00e9 para\nel 6 de junio\u201d.<\/p>\n\n\n\n<p>Los\nm\u00e9dicos llamaron a la poblaci\u00f3n a evitar m\u00e1s casos y muertes, lo cual es\nresponsabilidad compartida. <\/p>\n\n\n\n<p>\u201cEvitar\nel colapso de los hospitales nos beneficia a todos. Desde aqu\u00ed hacemos un\nllamado a la poblaci\u00f3n oaxaque\u00f1a para no relajar la Jornada de Sana Distancia y\nlas medidas de la misma\u201d, indic\u00f3 la Asociaci\u00f3n Oaxaque\u00f1a de Neumolog\u00eda.<\/p>\n\n\n\n<p>Este\ns\u00e1bado se reportaron al menos siete casos de contagiados por coronavirus en el\nreclusorio varonil de San Francisco Tanivet, Tlacolula; en las \u00faltimas 24\nhoras, suman 62 nuevos contagios, para dar un total de 964.<\/p>\n","protected":false},"excerpt":{"rendered":"<p>Yuridiana Sosa\/Zona Roja. Oaxaca de Ju\u00e1rez, Oax., 23 de mayo de 2020.-&nbsp; Frente al crecimiento&hellip;<\/p>\n","protected":false},"author":2,"featured_media":12774,"comment_status":"closed","ping_status":"open","sticky":false,"template":"","format":"standard","meta":{"_lmt_disableupdate":"","_lmt_disable":"","_jetpack_memberships_contains_paid_content":false,"footnotes":""},"categories":[109,47],"tags":[1512],"class_list":["post-12773","post","type-post","status-publish","format-standard","has-post-thumbnail","hentry","category-minuto-a-minuto","category-zona-gris","tag-coronavirus-oaxaca"],"jetpack_featured_media_url":"https:\/\/zonaroja.com.mx\/wp-content\/uploads\/2020\/05\/Qu\u00e9date-en-casa.jpg","jetpack_sharing_enabled":true,"_links":{"self":[{"href":"https:\/\/zonaroja.com.mx\/index.php?rest_route=\/wp\/v2\/posts\/12773","targetHints":{"allow":["GET"]}}],"collection":[{"href":"https:\/\/zonaroja.com.mx\/index.php?rest_route=\/wp\/v2\/posts"}],"about":[{"href":"https:\/\/zonaroja.com.mx\/index.php?rest_route=\/wp\/v2\/types\/post"}],"author":[{"embeddable":true,"href":"https:\/\/zonaroja.com.mx\/index.php?rest_route=\/wp\/v2\/users\/2"}],"replies":[{"embeddable":true,"href":"https:\/\/zonaroja.com.mx\/index.php?rest_route=%2Fwp%2Fv2%2Fcomments&post=12773"}],"version-history":[{"count":1,"href":"https:\/\/zonaroja.com.mx\/index.php?rest_route=\/wp\/v2\/posts\/12773\/revisions"}],"predecessor-version":[{"id":12775,"href":"https:\/\/zonaroja.com.mx\/index.php?rest_route=\/wp\/v2\/posts\/12773\/revisions\/12775"}],"wp:featuredmedia":[{"embeddable":true,"href":"https:\/\/zonaroja.com.mx\/index.php?rest_route=\/wp\/v2\/media\/12774"}],"wp:attachment":[{"href":"https:\/\/zonaroja.com.mx\/index.php?rest_route=%2Fwp%2Fv2%2Fmedia&parent=12773"}],"wp:term":[{"taxonomy":"category","embeddable":true,"href":"https:\/\/zonaroja.com.mx\/index.php?rest_route=%2Fwp%2Fv2%2Fcategories&post=12773"},{"taxonomy":"post_tag","embeddable":true,"href":"https:\/\/zonaroja.com.mx\/index.php?rest_route=%2Fwp%2Fv2%2Ftags&post=12773"}],"curies":[{"name":"wp","href":"https:\/\/api.w.org\/{rel}","templated":true}]}}