{"id":12780,"date":"2020-05-23T21:31:46","date_gmt":"2020-05-24T02:31:46","guid":{"rendered":"http:\/\/www.zonaroja.com.mx\/?p=12780"},"modified":"2020-05-23T21:31:48","modified_gmt":"2020-05-24T02:31:48","slug":"este-sabado-62-nuevos-contagiados-de-covid-19-y-0-decesos","status":"publish","type":"post","link":"https:\/\/zonaroja.com.mx\/?p=12780","title":{"rendered":"Este s\u00e1bado, 62 nuevos contagiados de Covid-19 y 0 decesos"},"content":{"rendered":"\n<p>Redacci\u00f3n\/Zona\nRoja.<\/p>\n\n\n\n<p>Oaxaca de\nJu\u00e1rez, Oax., 23 de mayo de 2020.- En Oaxaca este s\u00e1bado las autoridades\nsanitarias reportaron 62 nuevos contagios, con lo que suman 964 casos\nacumulados; asimismo, la cifra de fallecimientos se mantuvo en 94.<\/p>\n\n\n\n<p>De\nacuerdo con el informe de los Servicios de Salud de Oaxaca (SSO), del total de\npositivos, 62 nuevos est\u00e1n ubicados en 26 municipios, de estos, Ixtl\u00e1n de\nJu\u00e1rez y Teotitl\u00e1n del Valle se sumaron a la lista de localidades que han\nreportado casos del nuevo coronavirus.<\/p>\n\n\n\n<p>La\ndependencia a\u00f1adi\u00f3 que el total de personas recuperadas se elev\u00f3 a 459 casos y\nse tienen 452 pacientes sospechosos en espera de resultados. <\/p>\n\n\n\n<p>Asimismo, mil 139 han dado negativos y actualmente 411 personas est\u00e1n cursando la patolog\u00eda respiratoria, lo que da un global de dos mil 555 notificaciones acumuladas.<\/p>\n\n\n\n<figure class=\"wp-block-image\"><img decoding=\"async\" width=\"1024\" height=\"574\" src=\"http:\/\/www.zonaroja.com.mx\/wp-content\/uploads\/2020\/05\/SSO-2-6-1024x574.jpeg\" alt=\"\" class=\"wp-image-12782\" srcset=\"https:\/\/zonaroja.com.mx\/wp-content\/uploads\/2020\/05\/SSO-2-6-1024x574.jpeg 1024w, https:\/\/zonaroja.com.mx\/wp-content\/uploads\/2020\/05\/SSO-2-6-300x168.jpeg 300w, https:\/\/zonaroja.com.mx\/wp-content\/uploads\/2020\/05\/SSO-2-6-768x431.jpeg 768w, https:\/\/zonaroja.com.mx\/wp-content\/uploads\/2020\/05\/SSO-2-6-1170x656.jpeg 1170w, https:\/\/zonaroja.com.mx\/wp-content\/uploads\/2020\/05\/SSO-2-6-585x328.jpeg 585w, https:\/\/zonaroja.com.mx\/wp-content\/uploads\/2020\/05\/SSO-2-6.jpeg 1280w\" sizes=\"(max-width: 1024px) 100vw, 1024px\" \/><\/figure>\n\n\n\n<p>Valles\nCentrales se mantiene como la zona m\u00e1s afectada y suma 665 positivos, seguido\nde Tuxtepec con 97 pacientes, el Istmo de Tehuantepec se ubica en tercer lugar\ncon 70 casos, a su vez la Mixteca presenta 65 notificaciones, la Costa registra\n42 casos y por \u00faltimo la Sierra (Norte) contabiliza 25 confirmados.<\/p>\n\n\n\n<p>Respecto\nal personal de Salud que se han contagiado del virus, en todo el estado suman\n210 casos, de los cuales 85 corresponden a m\u00e9dicos, 103 a enfermeras y\nenfermeros, as\u00ed como 22 a trabajadores de otros perfiles; de esta cifra 122 son\nmujeres y 88 hombres, mencion\u00f3 Azamar Cruz.<\/p>\n\n\n\n<p>As\u00ed\ntambi\u00e9n dijo que de los pacientes activos, 322 se ubican en la zona de Valles\nCentrales, 34 en Tuxtepec, 20 en la Mixteca, 16 en la Sierra, 10 en el Istmo de\nTehuantepec, y nueve en la Costa.<\/p>\n","protected":false},"excerpt":{"rendered":"<p>Redacci\u00f3n\/Zona Roja. Oaxaca de Ju\u00e1rez, Oax., 23 de mayo de 2020.- En Oaxaca este s\u00e1bado&hellip;<\/p>\n","protected":false},"author":2,"featured_media":12781,"comment_status":"closed","ping_status":"open","sticky":false,"template":"","format":"standard","meta":{"_lmt_disableupdate":"","_lmt_disable":"","_jetpack_memberships_contains_paid_content":false,"footnotes":""},"categories":[109,47],"tags":[1512],"class_list":["post-12780","post","type-post","status-publish","format-standard","has-post-thumbnail","hentry","category-minuto-a-minuto","category-zona-gris","tag-coronavirus-oaxaca"],"jetpack_featured_media_url":"https:\/\/zonaroja.com.mx\/wp-content\/uploads\/2020\/05\/SSO-1-7.jpeg","jetpack_sharing_enabled":true,"_links":{"self":[{"href":"https:\/\/zonaroja.com.mx\/index.php?rest_route=\/wp\/v2\/posts\/12780","targetHints":{"allow":["GET"]}}],"collection":[{"href":"https:\/\/zonaroja.com.mx\/index.php?rest_route=\/wp\/v2\/posts"}],"about":[{"href":"https:\/\/zonaroja.com.mx\/index.php?rest_route=\/wp\/v2\/types\/post"}],"author":[{"embeddable":true,"href":"https:\/\/zonaroja.com.mx\/index.php?rest_route=\/wp\/v2\/users\/2"}],"replies":[{"embeddable":true,"href":"https:\/\/zonaroja.com.mx\/index.php?rest_route=%2Fwp%2Fv2%2Fcomments&post=12780"}],"version-history":[{"count":1,"href":"https:\/\/zonaroja.com.mx\/index.php?rest_route=\/wp\/v2\/posts\/12780\/revisions"}],"predecessor-version":[{"id":12783,"href":"https:\/\/zonaroja.com.mx\/index.php?rest_route=\/wp\/v2\/posts\/12780\/revisions\/12783"}],"wp:featuredmedia":[{"embeddable":true,"href":"https:\/\/zonaroja.com.mx\/index.php?rest_route=\/wp\/v2\/media\/12781"}],"wp:attachment":[{"href":"https:\/\/zonaroja.com.mx\/index.php?rest_route=%2Fwp%2Fv2%2Fmedia&parent=12780"}],"wp:term":[{"taxonomy":"category","embeddable":true,"href":"https:\/\/zonaroja.com.mx\/index.php?rest_route=%2Fwp%2Fv2%2Fcategories&post=12780"},{"taxonomy":"post_tag","embeddable":true,"href":"https:\/\/zonaroja.com.mx\/index.php?rest_route=%2Fwp%2Fv2%2Ftags&post=12780"}],"curies":[{"name":"wp","href":"https:\/\/api.w.org\/{rel}","templated":true}]}}