{"id":12786,"date":"2020-05-24T07:35:29","date_gmt":"2020-05-24T12:35:29","guid":{"rendered":"http:\/\/www.zonaroja.com.mx\/?p=12786"},"modified":"2020-05-24T07:38:58","modified_gmt":"2020-05-24T12:38:58","slug":"danan-lluvias-viviendas-y-dejan-dos-lesionados-en-oaxaca","status":"publish","type":"post","link":"https:\/\/zonaroja.com.mx\/?p=12786","title":{"rendered":"Da\u00f1an lluvias unas 50 viviendas y dejan dos lesionados en Oaxaca"},"content":{"rendered":"\n<p>Redacci\u00f3n\/Zona\nRoja.<\/p>\n\n\n\n<p>Oaxaca de Ju\u00e1rez, Oax., 24 de mayo de 2020.- Las intensas lluvias en algunas regiones de Oaxaca dejaron anoche al menos 50 viviendas da\u00f1adas, \u00e1rboles ca\u00eddos y dos personas lesionadas.<\/p>\n\n\n\n<p>De\nacuerdo con la Coordinaci\u00f3n Estatal de Protecci\u00f3n Civil de Oaxaca (CEPCO), en\nSan Jos\u00e9 del Progreso, Ocotl\u00e1n, el comisionado municipal Roberto Cabrera Vega,\ninform\u00f3 que 20 viviendas fueron afectadas por los vientos y lluvias fuertes, lo\nque gener\u00f3 que se activara la unidad interna de Protecci\u00f3n Civil.<\/p>\n\n\n\n<p>En\nTlalixtac de Cabrera los chubascos fuertes y actividad el\u00e9ctrica generada por\nel canal de baja presi\u00f3n que ingres\u00f3 por el sureste del pa\u00eds y el calentamiento\ndiurno, provoc\u00f3 que una casa colapsar\u00e1 por la ca\u00edda de un \u00e1rbol en el Barrio La\nTrinidad.<\/p>\n\n\n\n<p>Por este\nhecho, dos personas del sexo masculino resultaron lesionadas, por lo que fueron\ntrasladadas al Centro de Salud con Servicios de Ampliados (Cessa) de la\ncabecera municipal, donde fueron atendidos y reportados fuera de peligro. <\/p>\n\n\n\n<p>En esa\nmisma agencia, 10 familias sufrieron de afectaciones por el ingreso de agua\npluvial a sus viviendas.<\/p>\n\n\n\n<p>En tanto,\nen la comunidad de La Palma de Acatl\u00e1n de P\u00e9rez Figueroa, cayeron arboles por\nlos fuertes vientos, mientras que la direcci\u00f3n municipal de Protecci\u00f3n Civil, a\ncargo de Santiago de Jes\u00fas Cibri\u00e1n, reporta que las viviendas fueron afectadas\nen sus techos.<\/p>\n","protected":false},"excerpt":{"rendered":"<p>Redacci\u00f3n\/Zona Roja. Oaxaca de Ju\u00e1rez, Oax., 24 de mayo de 2020.- Las intensas lluvias en&hellip;<\/p>\n","protected":false},"author":2,"featured_media":12787,"comment_status":"closed","ping_status":"open","sticky":false,"template":"","format":"standard","meta":{"_lmt_disableupdate":"","_lmt_disable":"","_jetpack_memberships_contains_paid_content":false,"footnotes":""},"categories":[109,47],"tags":[848],"class_list":["post-12786","post","type-post","status-publish","format-standard","has-post-thumbnail","hentry","category-minuto-a-minuto","category-zona-gris","tag-danos-lluvias-oaxaca"],"jetpack_featured_media_url":"https:\/\/zonaroja.com.mx\/wp-content\/uploads\/2020\/05\/DA\u00d1OS-LLUVIAS-6.jpg","jetpack_sharing_enabled":true,"_links":{"self":[{"href":"https:\/\/zonaroja.com.mx\/index.php?rest_route=\/wp\/v2\/posts\/12786","targetHints":{"allow":["GET"]}}],"collection":[{"href":"https:\/\/zonaroja.com.mx\/index.php?rest_route=\/wp\/v2\/posts"}],"about":[{"href":"https:\/\/zonaroja.com.mx\/index.php?rest_route=\/wp\/v2\/types\/post"}],"author":[{"embeddable":true,"href":"https:\/\/zonaroja.com.mx\/index.php?rest_route=\/wp\/v2\/users\/2"}],"replies":[{"embeddable":true,"href":"https:\/\/zonaroja.com.mx\/index.php?rest_route=%2Fwp%2Fv2%2Fcomments&post=12786"}],"version-history":[{"count":2,"href":"https:\/\/zonaroja.com.mx\/index.php?rest_route=\/wp\/v2\/posts\/12786\/revisions"}],"predecessor-version":[{"id":12789,"href":"https:\/\/zonaroja.com.mx\/index.php?rest_route=\/wp\/v2\/posts\/12786\/revisions\/12789"}],"wp:featuredmedia":[{"embeddable":true,"href":"https:\/\/zonaroja.com.mx\/index.php?rest_route=\/wp\/v2\/media\/12787"}],"wp:attachment":[{"href":"https:\/\/zonaroja.com.mx\/index.php?rest_route=%2Fwp%2Fv2%2Fmedia&parent=12786"}],"wp:term":[{"taxonomy":"category","embeddable":true,"href":"https:\/\/zonaroja.com.mx\/index.php?rest_route=%2Fwp%2Fv2%2Fcategories&post=12786"},{"taxonomy":"post_tag","embeddable":true,"href":"https:\/\/zonaroja.com.mx\/index.php?rest_route=%2Fwp%2Fv2%2Ftags&post=12786"}],"curies":[{"name":"wp","href":"https:\/\/api.w.org\/{rel}","templated":true}]}}