{"id":12792,"date":"2020-05-24T08:02:33","date_gmt":"2020-05-24T13:02:33","guid":{"rendered":"http:\/\/www.zonaroja.com.mx\/?p=12792"},"modified":"2020-05-24T08:03:25","modified_gmt":"2020-05-24T13:03:25","slug":"en-plena-pandemia-denuncian-abandono-en-centro-de-salud-triqui","status":"publish","type":"post","link":"https:\/\/zonaroja.com.mx\/?p=12792","title":{"rendered":"En plena pandemia, denuncian abandono en centro de salud Triqui"},"content":{"rendered":"\n<p>Evlin\nArag\u00f3n\/Zona Roja.<\/p>\n\n\n\n<p>Oaxaca de\nJu\u00e1rez, Oax., 24 de mayo de 2020.- La zona triqui no solo se enfrenta a la\nviolencia generada por diversos grupos que se disputan su control pol\u00edtico y\nsocial, sino tambi\u00e9n a las carencias econ\u00f3micas y falta de servicios b\u00e1sicos\nque vulneran los derechos de la poblaci\u00f3n m\u00e1s vulnerable, tal es el acceso a la\nsalud. <\/p>\n\n\n\n<p>En plena\npandemia y con el evidente aumento de casos confirmados por Covid-19 en Oaxaca,\nhabitantes de la localidad de Tierra Blanca, perteneciente al municipio de\nSantiago Juxtlahuaca, denunciaron el abandono en el que se encuentra el Centro\nde Salud de un N\u00facleo B\u00e1sico, perteneciente a los Servicios de Salud de Oaxaca\n(SSO). <\/p>\n\n\n\n<p>As\u00ed lo\ndieron a conocer a trav\u00e9s de las redes sociales, donde el usuario @miscachuman\nacompa\u00f1a la denuncia con una serie de fotograf\u00edas que respaldan su dicho, en que\nse ve a un par de mujeres con la vestimenta caracter\u00edstica de la zona triqui\nque acuden a un centro de salud cerrado al p\u00fablico. <\/p>\n\n\n\n<p>\u201cEn la\ncomunidad de Tierra Blanca Copala, Juxtlahuaca, Oaxaca se encuentra una cl\u00ednica\nde la @SSalud_mx en total abandono y en \u00e9stos tiempos los ciudadanos deber\u00edan\ntener acceso m\u00ednimo a servicios b\u00e1sicos de salud. \u00a1Urge que hagan algo!\u201d, cita\nel mensaje que piden compartir para que llegue a o\u00eddos de las autoridades\nestatales.<\/p>\n\n\n\n<p>El mismo\nusuario refiere que hace m\u00e1s de diez a\u00f1os que carecen de los servicios de\nsalud, ello pese a que las autoridades estatales y federales han celebrado la\napertura de nuevos espacios m\u00e9dicos que hoy en d\u00eda no est\u00e1n brindando atenci\u00f3n\ndebido a la falta de personal y equipo, por lo que las personas deben\ntrasladarse a la cabecera municipal de Juxtlahuaca o Putla Villa de Guerrero.<\/p>\n\n\n\n<p>\u201cSeguramente\nterminar\u00e1 la pandemia y \u00e9sta cl\u00ednica seguir\u00e1 otros 10 o 20 a\u00f1os en abandono. Lo\nbueno es que ahora la salud de los pueblos de M\u00e9xico, no son importantes.<\/p>\n\n\n\n<p>\u201cS\u00f3lo las\nciudades y centros con mayor n\u00famero de habitantes pueden tener \u00e9ste tipo de\nlujos\u201d, expone al dejar al descubierto que actualmente la atenci\u00f3n se concentra\nen las zonas urbanas.<\/p>\n\n\n\n<p>Finalmente,\nmanifiesta que en igual situaci\u00f3n de abandono se encuentran los caminos en la\nregi\u00f3n, lo cual complica la movilidad de la poblaci\u00f3n para acudir a otras\nlocalidades a solicitar el servicio de salud, por lo que \u00fanicamente queda so\u00f1ar\ncon que puedan habilitarlos pronto. \u201cSo\u00f1ar no cuesta nada viva M\u00e9xico\u201d,\nconcluye el usuario. <\/p>\n\n\n\n<p>La\nsituaci\u00f3n se repite en toda la zona triqui conforme a los mensajes en respuesta\na la denuncia, evidenciando la falta de acceso a la salud p\u00fablica en plena\nemergencia sanitaria, para la poblaci\u00f3n ind\u00edgena que hist\u00f3ricamente menos\nrecursos econ\u00f3micos tienen. <\/p>\n\n\n\n<p>\u201cNo\nsolamente en esta comunidad, sino en toda la zona Triqui, hace falta la\natenci\u00f3n del gobierno estatal @alejandromurat asi como del gobierno federal\n@lopezobrador_ @SSalud_mx , por lo menos con medicamentos b\u00e1sicos\u201d, refiere\notro usuario originario de la zona ind\u00edgena triqui.<\/p>\n\n\n\n<p>Mientras\nque otros se cuestionan la falta de acceso a un derecho fundamental como lo es\nla salud p\u00fablica y la poca respuesta por parte de las autoridades estatales,\nque mantiene en total abandono a las comunidades ind\u00edgenas en todo el\nterritorio. <\/p>\n","protected":false},"excerpt":{"rendered":"<p>Evlin Arag\u00f3n\/Zona Roja. Oaxaca de Ju\u00e1rez, Oax., 24 de mayo de 2020.- La zona triqui&hellip;<\/p>\n","protected":false},"author":2,"featured_media":12793,"comment_status":"closed","ping_status":"open","sticky":false,"template":"","format":"standard","meta":{"_lmt_disableupdate":"","_lmt_disable":"","_jetpack_memberships_contains_paid_content":false,"footnotes":""},"categories":[109,47],"tags":[1512,1712],"class_list":["post-12792","post","type-post","status-publish","format-standard","has-post-thumbnail","hentry","category-minuto-a-minuto","category-zona-gris","tag-coronavirus-oaxaca","tag-tierra-blanca-copala"],"jetpack_featured_media_url":"https:\/\/zonaroja.com.mx\/wp-content\/uploads\/2020\/05\/Cl\u00ednica-Copala.jpg","jetpack_sharing_enabled":true,"_links":{"self":[{"href":"https:\/\/zonaroja.com.mx\/index.php?rest_route=\/wp\/v2\/posts\/12792","targetHints":{"allow":["GET"]}}],"collection":[{"href":"https:\/\/zonaroja.com.mx\/index.php?rest_route=\/wp\/v2\/posts"}],"about":[{"href":"https:\/\/zonaroja.com.mx\/index.php?rest_route=\/wp\/v2\/types\/post"}],"author":[{"embeddable":true,"href":"https:\/\/zonaroja.com.mx\/index.php?rest_route=\/wp\/v2\/users\/2"}],"replies":[{"embeddable":true,"href":"https:\/\/zonaroja.com.mx\/index.php?rest_route=%2Fwp%2Fv2%2Fcomments&post=12792"}],"version-history":[{"count":1,"href":"https:\/\/zonaroja.com.mx\/index.php?rest_route=\/wp\/v2\/posts\/12792\/revisions"}],"predecessor-version":[{"id":12794,"href":"https:\/\/zonaroja.com.mx\/index.php?rest_route=\/wp\/v2\/posts\/12792\/revisions\/12794"}],"wp:featuredmedia":[{"embeddable":true,"href":"https:\/\/zonaroja.com.mx\/index.php?rest_route=\/wp\/v2\/media\/12793"}],"wp:attachment":[{"href":"https:\/\/zonaroja.com.mx\/index.php?rest_route=%2Fwp%2Fv2%2Fmedia&parent=12792"}],"wp:term":[{"taxonomy":"category","embeddable":true,"href":"https:\/\/zonaroja.com.mx\/index.php?rest_route=%2Fwp%2Fv2%2Fcategories&post=12792"},{"taxonomy":"post_tag","embeddable":true,"href":"https:\/\/zonaroja.com.mx\/index.php?rest_route=%2Fwp%2Fv2%2Ftags&post=12792"}],"curies":[{"name":"wp","href":"https:\/\/api.w.org\/{rel}","templated":true}]}}