{"id":12803,"date":"2020-05-24T13:24:30","date_gmt":"2020-05-24T18:24:30","guid":{"rendered":"http:\/\/www.zonaroja.com.mx\/?p=12803"},"modified":"2020-05-24T13:24:33","modified_gmt":"2020-05-24T18:24:33","slug":"ahora-el-congreso-de-oaxaca-pide-a-fiscalia-indagar-caso-de-ambientalista","status":"publish","type":"post","link":"https:\/\/zonaroja.com.mx\/?p=12803","title":{"rendered":"Ahora el Congreso de Oaxaca pide a Fiscal\u00eda indagar caso de ambientalista"},"content":{"rendered":"\n<p>Redacci\u00f3n\/Zona\nRoja.<\/p>\n\n\n\n<p>Oaxaca de\nJu\u00e1rez, Oax., 22 de mayo de 2020.- Las voces para exigir justicia por el\nasesinato del joven ambientalista en Oaxaca, se siguen multiplicando.<\/p>\n\n\n\n<p>Integrantes\nde la 64 Legislatura del Congreso local, demandaron a la Fiscal\u00eda General del\nEstado de Oaxaca, investigar el homicidio del bi\u00f3logo Eugui Roy Mart\u00ednez P\u00e9rez,\ndefensor de derechos humanos y el medio ambiente en la Sierra Sur de la\nentidad.<\/p>\n\n\n\n<p>Asimismo,\nen un comunicado, exhortaron considerar, de manera profunda, la posibilidad de\nque el ataque contra el defensor haya sido represalia por tareas de protecci\u00f3n\nal medio ambiente.<\/p>\n\n\n\n<p>Tambi\u00e9n,\nsolicitan realizar lo pertinente para crear una Fiscal\u00eda Especializada para\nDefensores Ambientalistas y de la Biodiversidad, al considerar que, los\ndiversos megaproyectos o proyectos en desarrollo en Oaxaca, tienen como\nconsecuencia que, al protestar y rechazar estas acciones, los defensores pueden\nser v\u00edctimas de agresiones.<\/p>\n\n\n\n<p>El\ndocumento tambi\u00e9n exhorta al titular del Poder Ejecutivo del estado, para que\ninstruya a todas sus dependencias relacionadas en el tema, a fin de garantizar\nla integridad y la vida de los y las defensoras comunitarias de la tierra, el\nterritorio y los recursos naturales en Oaxaca, que puedan estar en riesgo por\nel ejercicio de estas tareas.<\/p>\n\n\n\n<p>Eugui Roy\nMart\u00ednez de 21 a\u00f1os de edad, estudiaba el segundo semestre de la carrera de\nBiolog\u00eda en el Instituto Tecnol\u00f3gico del Valle de Oaxaca. Fue encontrado sin\nvida y con impactos de bala, en el municipio de San Agust\u00edn Loxicha, en la\nSierra Sur, el 7 de mayo pasado.<\/p>\n\n\n\n<p>El\nllamado de las y los congresistas, se da en el marco de la postura oficial de\nla Oficina en M\u00e9xico del Alto Comisionado de las Naciones Unidas para los\nDerechos Humanos (ONU-DH), en la cual, condena el asesinato del defensor, y\nllama a investigar, juzgar y sancionar a los responsables materiales e\nintelectuales del hecho.<\/p>\n","protected":false},"excerpt":{"rendered":"<p>Redacci\u00f3n\/Zona Roja. Oaxaca de Ju\u00e1rez, Oax., 22 de mayo de 2020.- Las voces para exigir&hellip;<\/p>\n","protected":false},"author":2,"featured_media":12804,"comment_status":"closed","ping_status":"open","sticky":false,"template":"","format":"standard","meta":{"_lmt_disableupdate":"","_lmt_disable":"","_jetpack_memberships_contains_paid_content":false,"footnotes":""},"categories":[109,47],"tags":[1668],"class_list":["post-12803","post","type-post","status-publish","format-standard","has-post-thumbnail","hentry","category-minuto-a-minuto","category-zona-gris","tag-eugui-roy-martinez-perez"],"jetpack_featured_media_url":"https:\/\/zonaroja.com.mx\/wp-content\/uploads\/2020\/05\/Eugui-Roy.jpg","jetpack_sharing_enabled":true,"_links":{"self":[{"href":"https:\/\/zonaroja.com.mx\/index.php?rest_route=\/wp\/v2\/posts\/12803","targetHints":{"allow":["GET"]}}],"collection":[{"href":"https:\/\/zonaroja.com.mx\/index.php?rest_route=\/wp\/v2\/posts"}],"about":[{"href":"https:\/\/zonaroja.com.mx\/index.php?rest_route=\/wp\/v2\/types\/post"}],"author":[{"embeddable":true,"href":"https:\/\/zonaroja.com.mx\/index.php?rest_route=\/wp\/v2\/users\/2"}],"replies":[{"embeddable":true,"href":"https:\/\/zonaroja.com.mx\/index.php?rest_route=%2Fwp%2Fv2%2Fcomments&post=12803"}],"version-history":[{"count":1,"href":"https:\/\/zonaroja.com.mx\/index.php?rest_route=\/wp\/v2\/posts\/12803\/revisions"}],"predecessor-version":[{"id":12805,"href":"https:\/\/zonaroja.com.mx\/index.php?rest_route=\/wp\/v2\/posts\/12803\/revisions\/12805"}],"wp:featuredmedia":[{"embeddable":true,"href":"https:\/\/zonaroja.com.mx\/index.php?rest_route=\/wp\/v2\/media\/12804"}],"wp:attachment":[{"href":"https:\/\/zonaroja.com.mx\/index.php?rest_route=%2Fwp%2Fv2%2Fmedia&parent=12803"}],"wp:term":[{"taxonomy":"category","embeddable":true,"href":"https:\/\/zonaroja.com.mx\/index.php?rest_route=%2Fwp%2Fv2%2Fcategories&post=12803"},{"taxonomy":"post_tag","embeddable":true,"href":"https:\/\/zonaroja.com.mx\/index.php?rest_route=%2Fwp%2Fv2%2Ftags&post=12803"}],"curies":[{"name":"wp","href":"https:\/\/api.w.org\/{rel}","templated":true}]}}