{"id":12806,"date":"2020-05-24T15:25:22","date_gmt":"2020-05-24T20:25:22","guid":{"rendered":"http:\/\/www.zonaroja.com.mx\/?p=12806"},"modified":"2020-05-24T15:25:26","modified_gmt":"2020-05-24T20:25:26","slug":"clinica-de-huatulco-tambien-se-rebela-y-no-atendera-covid","status":"publish","type":"post","link":"https:\/\/zonaroja.com.mx\/?p=12806","title":{"rendered":"Cl\u00ednica de Huatulco tambi\u00e9n se rebela y no atender\u00e1 Covid"},"content":{"rendered":"\n<p>Ismael\nGarc\u00eda M.\/Zona Roja.<\/p>\n\n\n\n<p>Oaxaca de\nJu\u00e1rez, Oax., 24 de mayo de 2020.- La rebeli\u00f3n de los trabajadores\nsindicalizados de los Servicios de Salud de Oaxaca (SSO) contin\u00faa.<\/p>\n\n\n\n<p>Este fin\nde semana, la cl\u00ednica de La Crucecita, Huatulco, se sum\u00f3 a la lista de unidades\nm\u00e9dicas que rechaza atender a pacientes con Covid-19.<\/p>\n\n\n\n<p>Personal\nafiliado a la Secci\u00f3n 35 del Sindicato Nacional de Trabajadores de la\nSecretar\u00eda de Salud, que encabeza Mario F\u00e9lix Mart\u00ednez, coloc\u00f3 un letrero en el\nexterior del Centro de Salud con Servicios Ampliados (Cessa):<\/p>\n\n\n\n<p>\u201cPor declaraci\u00f3n\np\u00fablica del Gobernador del Estado, mtro. Alejandro Murat Hinojosa, el Cessa\nCrucecita no est\u00e1 asignado, ni habilitado como Centro Covid-19.<\/p>\n\n\n\n<p>\u201cLas\npersonas que presenten la enfermedad respiratoria, deber\u00e1n acudir al Hospital\nGeneral de San Pedro Pochutla, Hospital Regional de Alta Especialidad de Oaxaca,\nHospital de la Mujer y del Ni\u00f1o y Hospital de la Ni\u00f1ez Oaxaque\u00f1a para su\natenci\u00f3n m\u00e9dica\u201d.<\/p>\n\n\n\n<p>El primer\nnosocomio se localiza a unos 30 kil\u00f3metros de La Crucecita, mientras que los\notros tres, en el municipio de San Bartolo Coyotepec, en la regi\u00f3n Valles\nCentrales de Oaxaca.<\/p>\n\n\n\n<p>Los\nprimeros en rebelarse fueron los sindicalizados del Hospital General \u201cDr.\nAurelio Valdivieso\u201d de la capital, pero tras el incremento de casos, el\ngobernador Alejandro Murat determin\u00f3 abrir un \u00e1rea para pacientes con\ncoronavirus, pese a las reiteradas quejas de m\u00e9dicos y enfermeras, por falta de\nmaterial.<\/p>\n\n\n\n<p>A ello se\nsumaron el hospital de Tamazul\u00e1pam del Progreso, debido a que hubo un brote de\ninfectados y no hay atenci\u00f3n y equipos por parte de los Servicios de Salud.<\/p>\n\n\n\n<p>El fin de\nsemana, se sumaron el hospital de Ciudad Ixtepec &#8211;que adem\u00e1s rechaz\u00f3 un\npaciente que posteriormente muri\u00f3&#8211;, el \u201cDr. Macedonio Ben\u00edtez Fuentes\u201d de Juchit\u00e1n\nde Zaragoza y el hospital ubicado en Salina Cruz.<\/p>\n\n\n\n<p>De la\nmisma manera, personal del Centro de Salud con Servicios Ampliados de San\nJacinto Amilpas se declar\u00f3 alerta y pidi\u00f3 poner en cuarentena todo el nosocomio,\ndebido a un brote de infectados.<\/p>\n","protected":false},"excerpt":{"rendered":"<p>Ismael Garc\u00eda M.\/Zona Roja. Oaxaca de Ju\u00e1rez, Oax., 24 de mayo de 2020.- La rebeli\u00f3n&hellip;<\/p>\n","protected":false},"author":2,"featured_media":12807,"comment_status":"closed","ping_status":"open","sticky":false,"template":"","format":"standard","meta":{"_lmt_disableupdate":"","_lmt_disable":"","_jetpack_memberships_contains_paid_content":false,"footnotes":""},"categories":[109,47],"tags":[1714,1512],"class_list":["post-12806","post","type-post","status-publish","format-standard","has-post-thumbnail","hentry","category-minuto-a-minuto","category-zona-gris","tag-cessa-huatulco","tag-coronavirus-oaxaca"],"jetpack_featured_media_url":"https:\/\/zonaroja.com.mx\/wp-content\/uploads\/2020\/05\/Cessa-Huatulco.jpg","jetpack_sharing_enabled":true,"_links":{"self":[{"href":"https:\/\/zonaroja.com.mx\/index.php?rest_route=\/wp\/v2\/posts\/12806","targetHints":{"allow":["GET"]}}],"collection":[{"href":"https:\/\/zonaroja.com.mx\/index.php?rest_route=\/wp\/v2\/posts"}],"about":[{"href":"https:\/\/zonaroja.com.mx\/index.php?rest_route=\/wp\/v2\/types\/post"}],"author":[{"embeddable":true,"href":"https:\/\/zonaroja.com.mx\/index.php?rest_route=\/wp\/v2\/users\/2"}],"replies":[{"embeddable":true,"href":"https:\/\/zonaroja.com.mx\/index.php?rest_route=%2Fwp%2Fv2%2Fcomments&post=12806"}],"version-history":[{"count":1,"href":"https:\/\/zonaroja.com.mx\/index.php?rest_route=\/wp\/v2\/posts\/12806\/revisions"}],"predecessor-version":[{"id":12808,"href":"https:\/\/zonaroja.com.mx\/index.php?rest_route=\/wp\/v2\/posts\/12806\/revisions\/12808"}],"wp:featuredmedia":[{"embeddable":true,"href":"https:\/\/zonaroja.com.mx\/index.php?rest_route=\/wp\/v2\/media\/12807"}],"wp:attachment":[{"href":"https:\/\/zonaroja.com.mx\/index.php?rest_route=%2Fwp%2Fv2%2Fmedia&parent=12806"}],"wp:term":[{"taxonomy":"category","embeddable":true,"href":"https:\/\/zonaroja.com.mx\/index.php?rest_route=%2Fwp%2Fv2%2Fcategories&post=12806"},{"taxonomy":"post_tag","embeddable":true,"href":"https:\/\/zonaroja.com.mx\/index.php?rest_route=%2Fwp%2Fv2%2Ftags&post=12806"}],"curies":[{"name":"wp","href":"https:\/\/api.w.org\/{rel}","templated":true}]}}