{"id":12811,"date":"2020-05-24T15:41:56","date_gmt":"2020-05-24T20:41:56","guid":{"rendered":"http:\/\/www.zonaroja.com.mx\/?p=12811"},"modified":"2020-05-24T18:00:56","modified_gmt":"2020-05-24T23:00:56","slug":"suman-78-asesinatos-por-probables-conflictos-agrarios-en-oaxaca","status":"publish","type":"post","link":"https:\/\/zonaroja.com.mx\/?p=12811","title":{"rendered":"Suman 78 asesinatos por probables conflictos agrarios en Oaxaca"},"content":{"rendered":"\n<p>Redacci\u00f3n\/Estado\n20.<\/p>\n\n\n\n<p>Oaxaca de Ju\u00e1rez, Oax., 24 de mayo de 2020.- En los primeros tres a\u00f1os del gobierno de Alejandro Murat Hinojosa, 78 personas fueron asesinadas, 68 heridas y 12 desaparecidas por asuntos presuntamente vinculados a conflictos agrarios en diferentes comunidades del estado.<\/p>\n\n\n\n<p>Mientras\nque de acuerdo con la misma Secretar\u00eda General de Gobierno (Segego) en Oaxaca,\nest\u00e1n vigentes poco m\u00e1s de 400 conflictos agrarios o de l\u00edmites, principalmente\nconcentrados en las regiones Valles Centrales, Mixteca y Sierra Sur.<\/p>\n\n\n\n<p>Al estado\nse le reconoce una superficie total de 9 millones 536 mil 400 hect\u00e1reas, de las\ncuales siete millones 784 mil 695 corresponden al r\u00e9gimen de la propiedad\nsocial o tierras comunales o ejidales y solo un mill\u00f3n 751 mil 705 hect\u00e1reas\nconformar\u00edan la superficie de propiedad privada.<\/p>\n\n\n\n<p>Es decir,\nel 81.3 por ciento del territorio estatal se encuentra bajo el r\u00e9gimen ejidal o\ncomunal y solo el 18.37 puede catalogarse como propiedad privada; la propiedad\nsocial se encuentra acreditada a favor de 1,588 n\u00facleos agrarios, en donde 853\nson ejidos y 735 son comunidades agrarias, seg\u00fan la informaci\u00f3n oficial.<\/p>\n\n\n\n<p>Adem\u00e1s,\nde los tres millones 801 mil 962 habitantes, solamente 394 mil 652 se\nencuentran registrados legalmente como ejidatarios o comuneros y de estos\n\u00faltimos alrededor del 50% se trata personas que ya fallecieron.<\/p>\n\n\n\n<p>Para el\nl\u00edder de la organizaci\u00f3n Unidad, Identidad y Ra\u00edces de Oaxaca (UNIR), Efra\u00edn\nSolano Alinarez, estas cifras explican la permanente conflictividad que se\nmanifiesta en el estado motivada generalmente por la defensa del territorio e\nindican que el r\u00e9gimen de propiedad colectiva y la existencia de pueblos\nind\u00edgenas son el primer reto a resolver en los conflictos en el territorio\noaxaque\u00f1o.<\/p>\n\n\n\n<p>Entre las\ncausas, advierte que si bien el territorio forma parte de la identidad de una\npoblaci\u00f3n en el momento de clarificar los derechos de propiedad los miembros de\nuna comunidad no logran diferenciar los tres tipos de propiedad, los criterios\nexcluyentes ni los l\u00edmites t\u00e9cnicos jur\u00eddicos que prevalecen sobre las pretensiones\nhist\u00f3ricas.<\/p>\n\n\n\n<p>\u201cAs\u00ed como\nla contradicci\u00f3n de derechos que se manifiesta en la lucha de quienes habiendo\nperdido o no haber logrado acreditar el derecho que reclaman, buscan con sus\nt\u00edtulos primordiales acreditar las tierras que pretenden; y en el proceso del\nreparto de tierras hubo un crecimiento desordenado de los asentamientos\nhumanos, propiciando que las l\u00edneas de colindancia fueran surgiendo\nasentamientos en donde el territorio ejidal o comunal, no correspond\u00eda\nadministrativamente al mismo municipio del n\u00facleo propietario de las tierras.<\/p>\n\n\n\n<p>\u201cUno de\nlos problemas m\u00e1s \u00e1lgidos es cuando se enfrentan quienes se ostentan como\npeque\u00f1os propietarios con los comuneros que se amparan con su Resoluci\u00f3n\nPresidencial, como es el caso de Los Chimalapas\u201d, se\u00f1ala.<\/p>\n\n\n\n<p>A esto se\nagrega que se han acentuado las inconformidades de comunidades y organizaciones\nind\u00edgenas, sobre todo de la regi\u00f3n del Istmo por la presencia del capital\nextranjero que mediante maniobras poco claras y con la complicidad del Estado\nhan logrado la concesi\u00f3n de grandes extensiones de territorio y suscritos\nconvenios ventajosos para ellos dejando en la indefensi\u00f3n a los verdaderos\ndue\u00f1os de las tierras.<\/p>\n\n\n\n<p>Solano\nAlinarez expone que tambi\u00e9n debe llamar la atenci\u00f3n sobre el papel que ha\njugado un sector de organizaciones sociales, \u201csobre todo las\nclientelares-partidistas, que por d\u00e9cadas han traducido sus liderazgos o\nasesor\u00edas en grandes oportunidades para trastocar las justas demandas de los\npueblos ind\u00edgenas y comunidades agrarias\u201d.<\/p>\n\n\n\n<p>Y\nfinalmente, los conflictos que se encuentran en las contradicciones internas\nentre los grupos de poder y la falta de coordinaci\u00f3n entre las tres instancias\nde gobierno que \u201colvidan\u201d la corresponsabilidad institucional que debe existir\nen la integraci\u00f3n de lo que debe ser el Estado Mexicano.<\/p>\n\n\n\n<p>\u201cPara\nlograr desactivar esta inercia se requiere romper con la pasividad, ineficacia\ny perversidad pol\u00edtica de los gobiernos federal y estatal&nbsp;&nbsp; para integrar la fuerza del Estado en una\nsola direcci\u00f3n: la gobernabilidad. Desde luego no es f\u00e1cil, porque muchos\nfuncionarios p\u00fablicos de act\u00faan en relaci\u00f3n al costo-beneficio pol\u00edtico de sus\nacciones y de ello personalmente hemos tenido muchas y muy malas experiencias\u201d,\nsostiene.<\/p>\n\n\n\n<p>El\ndirigente de la UNIR tambi\u00e9n advierte que de los 25 programas prioritarios del\ngobierno del presidente Andr\u00e9s Manuel L\u00f3pez Obrador, al menos dos pueden\ngenerar o acentuar conflictos en las comunidades de Oaxaca. <\/p>\n\n\n\n<p>El\nprimero de ellos, es el Corredor Trans\u00edstmico porque va a implicar la\nafectaci\u00f3n del territorio de los pueblos originarios y el segundo, el\nDesarrollo Minero ya que los pueblos son celosos del cuidado del medio ambiente\ny la preservaci\u00f3n de sus territorios.<\/p>\n\n\n\n<p>\u201cEn\nOaxaca con seguridad podemos aseverar que el triunfo o el fracaso de las metas\nsociales del gobierno del presidente Andr\u00e9s Manuel L\u00f3pez Obrador, depender\u00e1 de\nsus respuestas y&nbsp;&nbsp; resultados que brinde\nlos conflictos agrarios\u201d, asegura.<\/p>\n\n\n\n<p>Solano\nAlinarez propone como nueva pol\u00edtica para atender la conflictividad agraria en\nla entidad la coordinaci\u00f3n estrecha con los tribunales agrarios, la vinculaci\u00f3n\ncon el gobierno del estado tendr\u00e1 que ser de respeto y de complemento que debe\npartir del reconocimiento de la problem\u00e1tica de la tenencia de la tierra como\nasunto del \u00e1mbito federal y estatal.<\/p>\n\n\n\n<p>\u201cEn tal sentido\nla atenci\u00f3n de los conflictos sociales e incluso pol\u00edticos o econ\u00f3micos\nrelacionados con la emergencia del conflicto agrario tendr\u00e1 que ser en una sola\ndirecci\u00f3n, superar el conflicto por voluntad de las partes o respetar la\ndeterminaci\u00f3n de la autoridad competente\u201d.<\/p>\n\n\n\n<p>Tambi\u00e9n\npropone identificar, con base en la consulta de los archivos de las\ninstituciones agrarias federal y estatal y en estudios sociol\u00f3gicos y\nantropol\u00f3gicos, los conflictos m\u00e1s graves y sus alternativas de soluci\u00f3n en el\ncorto y mediano plazo; para los desastres naturales existen fondos econ\u00f3micos,\nen el caso de los conflictos agrarios debe decretarse un fondo permanente\ndisponible para atender los conflictos en v\u00edas de soluci\u00f3n en cualquier fecha\ndel a\u00f1o.<\/p>\n\n\n\n<p>\u201cLos\nconflictos agrarios son conflictos sociales y no policiacos por lo tanto debe\nrevisarse las atribuciones legales y evaluar las fortalezas y debilidades de\nlos organismos agrarios existentes para redise\u00f1arlos o, en su caso, designar a\nuna coordinaci\u00f3n interinstitucional que se responsabilice de la atenci\u00f3n y\nsoluci\u00f3n de todo tipo de conflictos agrarios\u201d, finaliza.<\/p>\n","protected":false},"excerpt":{"rendered":"<p>Redacci\u00f3n\/Estado 20. Oaxaca de Ju\u00e1rez, Oax., 24 de mayo de 2020.- En los primeros tres&hellip;<\/p>\n","protected":false},"author":2,"featured_media":12814,"comment_status":"closed","ping_status":"open","sticky":false,"template":"","format":"standard","meta":{"_lmt_disableupdate":"","_lmt_disable":"","_jetpack_memberships_contains_paid_content":false,"footnotes":""},"categories":[109,47],"tags":[675],"class_list":["post-12811","post","type-post","status-publish","format-standard","has-post-thumbnail","hentry","category-minuto-a-minuto","category-zona-gris","tag-conflictos-agrarios-oaxaca"],"jetpack_featured_media_url":"https:\/\/zonaroja.com.mx\/wp-content\/uploads\/2020\/05\/img_3148.jpg","jetpack_sharing_enabled":true,"_links":{"self":[{"href":"https:\/\/zonaroja.com.mx\/index.php?rest_route=\/wp\/v2\/posts\/12811","targetHints":{"allow":["GET"]}}],"collection":[{"href":"https:\/\/zonaroja.com.mx\/index.php?rest_route=\/wp\/v2\/posts"}],"about":[{"href":"https:\/\/zonaroja.com.mx\/index.php?rest_route=\/wp\/v2\/types\/post"}],"author":[{"embeddable":true,"href":"https:\/\/zonaroja.com.mx\/index.php?rest_route=\/wp\/v2\/users\/2"}],"replies":[{"embeddable":true,"href":"https:\/\/zonaroja.com.mx\/index.php?rest_route=%2Fwp%2Fv2%2Fcomments&post=12811"}],"version-history":[{"count":1,"href":"https:\/\/zonaroja.com.mx\/index.php?rest_route=\/wp\/v2\/posts\/12811\/revisions"}],"predecessor-version":[{"id":12813,"href":"https:\/\/zonaroja.com.mx\/index.php?rest_route=\/wp\/v2\/posts\/12811\/revisions\/12813"}],"wp:featuredmedia":[{"embeddable":true,"href":"https:\/\/zonaroja.com.mx\/index.php?rest_route=\/wp\/v2\/media\/12814"}],"wp:attachment":[{"href":"https:\/\/zonaroja.com.mx\/index.php?rest_route=%2Fwp%2Fv2%2Fmedia&parent=12811"}],"wp:term":[{"taxonomy":"category","embeddable":true,"href":"https:\/\/zonaroja.com.mx\/index.php?rest_route=%2Fwp%2Fv2%2Fcategories&post=12811"},{"taxonomy":"post_tag","embeddable":true,"href":"https:\/\/zonaroja.com.mx\/index.php?rest_route=%2Fwp%2Fv2%2Ftags&post=12811"}],"curies":[{"name":"wp","href":"https:\/\/api.w.org\/{rel}","templated":true}]}}