{"id":12819,"date":"2020-05-25T07:00:06","date_gmt":"2020-05-25T12:00:06","guid":{"rendered":"http:\/\/www.zonaroja.com.mx\/?p=12819"},"modified":"2020-05-24T21:37:57","modified_gmt":"2020-05-25T02:37:57","slug":"el-covid-19-un-peligro-mas-para-la-salud-de-los-presos-mexicanos","status":"publish","type":"post","link":"https:\/\/zonaroja.com.mx\/?p=12819","title":{"rendered":"El Covid-19, un peligro m\u00e1s para la salud de los presos mexicanos"},"content":{"rendered":"\n<p>Redacci\u00f3n\/Zona Roja Cdmx.<\/p>\n\n\n\n<p>Ciudad de M\u00e9xico, 25 de mayo de 2020.- Las c\u00e1rceles de M\u00e9xico y del mundo se convirtieron en focos de transmisi\u00f3n del coronavirus, se\u00f1alan expertos nacionales e internacionales.<\/p>\n\n\n\n<p>Por lo anterior, se han liberado presos ante el\nhacinamiento que campea, sobre todo, en prisiones latinoamericanas, o\nrebeliones de internos ante la falta de informaci\u00f3n veraz y oportuna, seg\u00fan\ninformaci\u00f3n de la agencia Notimex.<\/p>\n\n\n\n<p>De\nacuerdo con la organizaci\u00f3n As\u00ed Legal, hay 295 centros penitenciarios en\nM\u00e9xico, en los cuales &#8211;hasta el 14 de mayo&#8211; se ten\u00eda registro de 171\ncontagios y 31 defunciones (22 presos y nueve custodios) por la nueva cepa de\ncoronavirus.<\/p>\n\n\n\n<p>En la\nCiudad de M\u00e9xico la organizaci\u00f3n contabiliz\u00f3 hasta ese momento, 13 personas\nprivadas de la libertad y personal contagiado en los distintos penales, y tres\ndefunciones en el Reclusorio Norte; en el Oriente, donde Alberto cumple su\ncondena, As\u00ed Legal registr\u00f3 un contagio el 24 de abril.<\/p>\n\n\n\n<p>De\nacuerdo con la agencia Notimex, no fue el \u00fanico, los contagios siguen. El 12 de\nmayo falleci\u00f3 una persona m\u00e1s. Aunque las autoridades le dijeron a Lul\u00fa que fue\npor peritonitis, Alberto y varios de sus compa\u00f1eros de \u00e1rea fueron divididos:<\/p>\n\n\n\n<p>Los contagiados\na la zona 1 del Reclusorio y quienes estuvieron en contacto con ellos fueron a\naislamiento en el Centro de Observaci\u00f3n y Comunicaci\u00f3n (COC), al interior del\nmismo penal.<\/p>\n\n\n\n<p>Cuando\nllegaron al COC: un espacio reducido y sucio. All\u00ed Alberto solo convive con\ntres de sus compa\u00f1eros, al cuarto lo movieron a la zona 1 porque se contagi\u00f3. A\nAlberto le hicieron la prueba. Sali\u00f3 negativo.<\/p>\n\n\n\n<p>\u201cAl\nprincipio fue una situaci\u00f3n dif\u00edcil porque \u00e9l mismo me dijo que el espacio\nestaba sucio, entonces el 14 de mayo puse una queja en derechos humanos y para\nel 17 ya lo hab\u00edan limpiado, el espacio estaba con mejor higiene\u201d, relata Lul\u00fa\nen entrevista telef\u00f3nica.<\/p>\n\n\n\n<p>Luc\u00eda\nAlvarado Gonz\u00e1lez, coordinadora del Centro de Atenci\u00f3n Integral Para las\nPersonas Privadas de la Libertad (CAIFAM), lo confirma. Otras familiares le han\nhecho saber que en las celdas de COC el espacio es reducido, no hay agua,\nalimentos, ni medicamentos.<\/p>\n\n\n\n<p>La\nactivista reclama tambi\u00e9n que no se brinda informaci\u00f3n, lo cual ha molestado a\nlos familiares al no tener certeza de si sus parientes est\u00e1n contagiados o no.<\/p>\n\n\n\n<p>\u201cHay\nmucha opacidad y eso da miedo. Ellos est\u00e1n doblemente presos y nosotros\nluchando con el COVID-19 en las calles para poder llevarles los insumos\u201d,\nprotesta, detalla la informaci\u00f3n de Notimex.<\/p>\n","protected":false},"excerpt":{"rendered":"<p>Redacci\u00f3n\/Zona Roja Cdmx. Ciudad de M\u00e9xico, 25 de mayo de 2020.- Las c\u00e1rceles de M\u00e9xico&hellip;<\/p>\n","protected":false},"author":2,"featured_media":12820,"comment_status":"closed","ping_status":"open","sticky":false,"template":"","format":"standard","meta":{"_lmt_disableupdate":"","_lmt_disable":"","_jetpack_memberships_contains_paid_content":false,"footnotes":""},"categories":[109,47],"tags":[1328],"class_list":["post-12819","post","type-post","status-publish","format-standard","has-post-thumbnail","hentry","category-minuto-a-minuto","category-zona-gris","tag-coronavirus-mexico"],"jetpack_featured_media_url":"https:\/\/zonaroja.com.mx\/wp-content\/uploads\/2020\/05\/Reclusorio-Ixcotel.png","jetpack_sharing_enabled":true,"_links":{"self":[{"href":"https:\/\/zonaroja.com.mx\/index.php?rest_route=\/wp\/v2\/posts\/12819","targetHints":{"allow":["GET"]}}],"collection":[{"href":"https:\/\/zonaroja.com.mx\/index.php?rest_route=\/wp\/v2\/posts"}],"about":[{"href":"https:\/\/zonaroja.com.mx\/index.php?rest_route=\/wp\/v2\/types\/post"}],"author":[{"embeddable":true,"href":"https:\/\/zonaroja.com.mx\/index.php?rest_route=\/wp\/v2\/users\/2"}],"replies":[{"embeddable":true,"href":"https:\/\/zonaroja.com.mx\/index.php?rest_route=%2Fwp%2Fv2%2Fcomments&post=12819"}],"version-history":[{"count":2,"href":"https:\/\/zonaroja.com.mx\/index.php?rest_route=\/wp\/v2\/posts\/12819\/revisions"}],"predecessor-version":[{"id":12829,"href":"https:\/\/zonaroja.com.mx\/index.php?rest_route=\/wp\/v2\/posts\/12819\/revisions\/12829"}],"wp:featuredmedia":[{"embeddable":true,"href":"https:\/\/zonaroja.com.mx\/index.php?rest_route=\/wp\/v2\/media\/12820"}],"wp:attachment":[{"href":"https:\/\/zonaroja.com.mx\/index.php?rest_route=%2Fwp%2Fv2%2Fmedia&parent=12819"}],"wp:term":[{"taxonomy":"category","embeddable":true,"href":"https:\/\/zonaroja.com.mx\/index.php?rest_route=%2Fwp%2Fv2%2Fcategories&post=12819"},{"taxonomy":"post_tag","embeddable":true,"href":"https:\/\/zonaroja.com.mx\/index.php?rest_route=%2Fwp%2Fv2%2Ftags&post=12819"}],"curies":[{"name":"wp","href":"https:\/\/api.w.org\/{rel}","templated":true}]}}