{"id":12825,"date":"2020-05-24T21:15:40","date_gmt":"2020-05-25T02:15:40","guid":{"rendered":"http:\/\/www.zonaroja.com.mx\/?p=12825"},"modified":"2020-05-24T21:16:15","modified_gmt":"2020-05-25T02:16:15","slug":"encuentran-muerto-a-taxista-en-huajuapan-otro-asesinado-en-astata","status":"publish","type":"post","link":"https:\/\/zonaroja.com.mx\/?p=12825","title":{"rendered":"Hallan muerto a taxista en Huajuapan; otro asesinado en Astata"},"content":{"rendered":"\n<p>Ismael\nGarc\u00eda M.\/Zona Roja.<\/p>\n\n\n\n<p>Oaxaca de\nJu\u00e1rez, Oax., 24 de mayo de 2020.- Un taxista que fue reportado como\ndesaparecido ayer, fue hallado sin vida hoy, cerca del cuartel de la polic\u00eda\nmunicipal de Huajuapan de Le\u00f3n.<\/p>\n\n\n\n<p>De\nacuerdo con la ficha de la Unidad de B\u00fasqueda de Personas Desaparecidas y No\nLocalizadas, de la Fiscal\u00eda General del Estado, Jos\u00e9 Luis Gonz\u00e1lez Calder\u00f3n fue\nvisto por \u00faltima vez ayer s\u00e1bado en el fraccionamiento Fovissste de dicha\nciudad, perteneciente a la regi\u00f3n Mixteca de Oaxaca.<\/p>\n\n\n\n<p>Vest\u00eda\nuna camisa a cuadros color rojo con pantal\u00f3n de mezclilla azul marino, seg\u00fan\nreportaron sus familiares.<\/p>\n\n\n\n<p>Esta\ntarde-noche, en la colonia Santa Rosa de Huajuapan fue hallado el cuerpo, que\nde manera preliminar presenta lesiones producidas por arma blanca, e\nidentificado por sus allegados. <\/p>\n\n\n\n<p>Se\ndesempe\u00f1aba como taxista del sitio \u201cJos\u00e9 L\u00f3pez Alav\u00e9s\u201d y ten\u00eda 68 a\u00f1os de edad.<\/p>\n\n\n\n<p>OTRO\nCRIMEN EN ASTATA<\/p>\n\n\n\n<p>Mientras\ntanto en Santiago Astata, se report\u00f3 el asesinato de una persona del sexo\nmasculino. <\/p>\n\n\n\n<p>Los\nhechos ocurrieron durante la madrugada de este domingo en dicho municipio de la\nregi\u00f3n Istmo de Tehuantepec, aunque situada en la zona costera de la entidad;\nla v\u00edctima a\u00fan no ha sido identificada.<\/p>\n","protected":false},"excerpt":{"rendered":"<p>Ismael Garc\u00eda M.\/Zona Roja. Oaxaca de Ju\u00e1rez, Oax., 24 de mayo de 2020.- Un taxista&hellip;<\/p>\n","protected":false},"author":2,"featured_media":12826,"comment_status":"closed","ping_status":"open","sticky":false,"template":"","format":"standard","meta":{"_lmt_disableupdate":"","_lmt_disable":"","_jetpack_memberships_contains_paid_content":false,"footnotes":""},"categories":[109,51],"tags":[594],"class_list":["post-12825","post","type-post","status-publish","format-standard","has-post-thumbnail","hentry","category-minuto-a-minuto","category-zona-roja","tag-huajuapan-de-leon"],"jetpack_featured_media_url":"https:\/\/zonaroja.com.mx\/wp-content\/uploads\/2020\/05\/Muerto-Huajuapan.jpg","jetpack_sharing_enabled":true,"_links":{"self":[{"href":"https:\/\/zonaroja.com.mx\/index.php?rest_route=\/wp\/v2\/posts\/12825","targetHints":{"allow":["GET"]}}],"collection":[{"href":"https:\/\/zonaroja.com.mx\/index.php?rest_route=\/wp\/v2\/posts"}],"about":[{"href":"https:\/\/zonaroja.com.mx\/index.php?rest_route=\/wp\/v2\/types\/post"}],"author":[{"embeddable":true,"href":"https:\/\/zonaroja.com.mx\/index.php?rest_route=\/wp\/v2\/users\/2"}],"replies":[{"embeddable":true,"href":"https:\/\/zonaroja.com.mx\/index.php?rest_route=%2Fwp%2Fv2%2Fcomments&post=12825"}],"version-history":[{"count":2,"href":"https:\/\/zonaroja.com.mx\/index.php?rest_route=\/wp\/v2\/posts\/12825\/revisions"}],"predecessor-version":[{"id":12828,"href":"https:\/\/zonaroja.com.mx\/index.php?rest_route=\/wp\/v2\/posts\/12825\/revisions\/12828"}],"wp:featuredmedia":[{"embeddable":true,"href":"https:\/\/zonaroja.com.mx\/index.php?rest_route=\/wp\/v2\/media\/12826"}],"wp:attachment":[{"href":"https:\/\/zonaroja.com.mx\/index.php?rest_route=%2Fwp%2Fv2%2Fmedia&parent=12825"}],"wp:term":[{"taxonomy":"category","embeddable":true,"href":"https:\/\/zonaroja.com.mx\/index.php?rest_route=%2Fwp%2Fv2%2Fcategories&post=12825"},{"taxonomy":"post_tag","embeddable":true,"href":"https:\/\/zonaroja.com.mx\/index.php?rest_route=%2Fwp%2Fv2%2Ftags&post=12825"}],"curies":[{"name":"wp","href":"https:\/\/api.w.org\/{rel}","templated":true}]}}