{"id":12844,"date":"2020-05-25T07:50:22","date_gmt":"2020-05-25T12:50:22","guid":{"rendered":"http:\/\/www.zonaroja.com.mx\/?p=12844"},"modified":"2020-05-25T07:50:25","modified_gmt":"2020-05-25T12:50:25","slug":"divide-opiniones-colaboracion-de-yalitza-en-new-york-times","status":"publish","type":"post","link":"https:\/\/zonaroja.com.mx\/?p=12844","title":{"rendered":"Divide opiniones colaboraci\u00f3n de Yalitza en New York Times"},"content":{"rendered":"\n<p>Redacci\u00f3n\/Zona\nRoja Cdmx.<\/p>\n\n\n\n<p>Ciudad de\nM\u00e9xico, 25 de mayo de 2020.- La actriz mexicana Yalitza Aparicio comparti\u00f3 con\nsus seguidores en redes sociales, su primera columna para un importante\nperi\u00f3dico estadounidense, hecho que dividi\u00f3 opiniones entre entre los\ninternautas.<\/p>\n\n\n\n<p>La ma\u00f1ana\nde este domingo, la protagonista del filme Roma apareci\u00f3 en los primeros\nlugares de tendencias, por un debate en los que algunos elogiaron el talento de\nAparicio, sin embargo algunos otros la atacaron debido a sus ra\u00edces ind\u00edgenas.<\/p>\n\n\n\n<p>\u201cNo saben\nc\u00f3mo disfruto verla triunfar\u201d, \u201cNo es actriz, despu\u00e9s de Roma de Alfonso Cuar\u00f3n\n\u00bfEn cu\u00e1ntas pel\u00edculas ha participado?\u00bb, \u00abLos que tiran hate a Yalitza\nAparicio son los mismos que no soportan ver c\u00f3mo otro mexicano triunfa en el\nextranjero\u201d, escribieron entre opiniones de Twitter.<\/p>\n\n\n\n<p>Finalmente,\nla mexicana de 26 a\u00f1os respondi\u00f3 a los comentarios y aprovech\u00f3 para anunciar en\nla misma red social, su participaci\u00f3n en el diario estadounidense The New York\nTimes, con la liga a una columna que escribi\u00f3 para el mismo, sobre la pel\u00edcula\nque estelariz\u00f3 en 2018 Roma.<\/p>\n\n\n\n<p>\u00abHola\na todos, estoy aqu\u00ed trabajando para ayudar a mi pa\u00eds a ser menos racista,\nmientras soy tendencia a causa de ello. Aprovecho para compartirles mi primer\nart\u00edculo para The New York Times, espero que les guste. \u00bfC\u00f3mo va su\ns\u00e1bado?\u00bb, revel\u00f3.<\/p>\n\n\n\n<p>La\ncolumna, que lleva por t\u00edtulo En M\u00e9xico, &#8216;Roma&#8217; encendi\u00f3 un fuego por los\nderechos de los trabajadores, gira en torno a c\u00f3mo la pel\u00edcula de Cuar\u00f3n logr\u00f3\ngenerar conciencia social y un cambio en temas tab\u00fa, tal como el racismo y la\ndiscriminaci\u00f3n.<\/p>\n\n\n\n<p>(Informaci\u00f3n\ndel diario \u201cLa Jornada\u201d)<\/p>\n","protected":false},"excerpt":{"rendered":"<p>Redacci\u00f3n\/Zona Roja Cdmx. Ciudad de M\u00e9xico, 25 de mayo de 2020.- La actriz mexicana Yalitza&hellip;<\/p>\n","protected":false},"author":2,"featured_media":2510,"comment_status":"closed","ping_status":"open","sticky":false,"template":"","format":"standard","meta":{"_lmt_disableupdate":"","_lmt_disable":"","_jetpack_memberships_contains_paid_content":false,"footnotes":""},"categories":[109,49],"tags":[913],"class_list":["post-12844","post","type-post","status-publish","format-standard","has-post-thumbnail","hentry","category-minuto-a-minuto","category-zona-fresa","tag-yalitza-aparicio-martinez"],"jetpack_featured_media_url":"https:\/\/zonaroja.com.mx\/wp-content\/uploads\/2019\/07\/Yalitza.jpg","jetpack_sharing_enabled":true,"_links":{"self":[{"href":"https:\/\/zonaroja.com.mx\/index.php?rest_route=\/wp\/v2\/posts\/12844","targetHints":{"allow":["GET"]}}],"collection":[{"href":"https:\/\/zonaroja.com.mx\/index.php?rest_route=\/wp\/v2\/posts"}],"about":[{"href":"https:\/\/zonaroja.com.mx\/index.php?rest_route=\/wp\/v2\/types\/post"}],"author":[{"embeddable":true,"href":"https:\/\/zonaroja.com.mx\/index.php?rest_route=\/wp\/v2\/users\/2"}],"replies":[{"embeddable":true,"href":"https:\/\/zonaroja.com.mx\/index.php?rest_route=%2Fwp%2Fv2%2Fcomments&post=12844"}],"version-history":[{"count":1,"href":"https:\/\/zonaroja.com.mx\/index.php?rest_route=\/wp\/v2\/posts\/12844\/revisions"}],"predecessor-version":[{"id":12845,"href":"https:\/\/zonaroja.com.mx\/index.php?rest_route=\/wp\/v2\/posts\/12844\/revisions\/12845"}],"wp:featuredmedia":[{"embeddable":true,"href":"https:\/\/zonaroja.com.mx\/index.php?rest_route=\/wp\/v2\/media\/2510"}],"wp:attachment":[{"href":"https:\/\/zonaroja.com.mx\/index.php?rest_route=%2Fwp%2Fv2%2Fmedia&parent=12844"}],"wp:term":[{"taxonomy":"category","embeddable":true,"href":"https:\/\/zonaroja.com.mx\/index.php?rest_route=%2Fwp%2Fv2%2Fcategories&post=12844"},{"taxonomy":"post_tag","embeddable":true,"href":"https:\/\/zonaroja.com.mx\/index.php?rest_route=%2Fwp%2Fv2%2Ftags&post=12844"}],"curies":[{"name":"wp","href":"https:\/\/api.w.org\/{rel}","templated":true}]}}