{"id":12846,"date":"2020-05-25T08:07:02","date_gmt":"2020-05-25T13:07:02","guid":{"rendered":"http:\/\/www.zonaroja.com.mx\/?p=12846"},"modified":"2020-05-25T08:49:23","modified_gmt":"2020-05-25T13:49:23","slug":"aumento-la-violencia-contra-mujeres-en-la-sierra-norte-de-oaxaca","status":"publish","type":"post","link":"https:\/\/zonaroja.com.mx\/?p=12846","title":{"rendered":"Aument\u00f3 la violencia contra mujeres en la Sierra Norte de Oaxaca"},"content":{"rendered":"\n<p>Redacci\u00f3n\/Zona\nRoja Cdmx.<\/p>\n\n\n\n<p>Ciudad de\nM\u00e9xico, 24 de mayo de 2020.- En el contexto de la pandemia de Covid-19, la\nviolencia tanto f\u00edsica como pol\u00edtica contra las mujeres ha aumentado en la\nSierra Norte de Oaxaca, sin que ninguna autoridad judicial ordene o aplique\nmedidas de protecci\u00f3n en favor de las v\u00edctimas, denunciaron abogadas y\nfuncionarias municipales.<\/p>\n\n\n\n<p>Miriam Pascual, fundadora y directora de la asociaci\u00f3n civil Yureni, explic\u00f3 en entrevista con \u00abLa Jornada\u00bb que a ra\u00edz de la emergencia sanitaria por el coronavirus, el trabajo de las autoridades de procuraci\u00f3n de justicia \u2013igual que el de los responsables de los gobiernos comunitarios\u2013 pr\u00e1cticamente se detuvo por completo, lo que afect\u00f3 actividades como la emisi\u00f3n de \u00f3rdenes de protecci\u00f3n para mujeres agredidas.<\/p>\n\n\n\n<p>Hay casos\nen los que necesitamos que el agresor salga del domicilio para evitar que\nejerza violencia f\u00edsica o sicol\u00f3gica o que se pidan \u00f3rdenes de protecci\u00f3n de\nnaturaleza civil para que las mam\u00e1s tengan la guardia y custodia provisional de\nlos hijos, pero los mecanismos legales est\u00e1n muy lentos, deplor\u00f3.<\/p>\n\n\n\n<p>La\nviolencia pol\u00edtica contra las mujeres tambi\u00e9n es un fen\u00f3meno cada vez m\u00e1s\npresente, y muestra de ello es que en nueve demarcaciones de la Sierra Norte de\nOaxaca \u2013que forman parte de los municipios de la esperanza, donde en teor\u00eda no\nhay casos confirmados de Covid-19\u2013 la gran mayor\u00eda de los puestos p\u00fablicos\nest\u00e1n en manos de hombres, pese a la labor destacada de las mujeres en la lucha\ncontra la pandemia.<\/p>\n\n\n\n<p>&nbsp;\u201cA las mujeres se les daba normalmente el\ncargo de regidoras de salud, por el tema estereotipado de que son cuidadoras de\nenfermos o de ni\u00f1os, pero tambi\u00e9n porque es un puesto que no tiene mucha\ninfluencia pol\u00edtica. Las colocan en puestos menores y no se est\u00e1 visibilizando\nque detr\u00e1s de las medidas que han mantenido a estos municipios con bajo nivel\nde contagios est\u00e1n ellas\u201d, recalc\u00f3 la abogada.<\/p>\n\n\n\n<p>Por su\nparte, Celia Ramos, titular de la instancia de mujeres del municipio de Ixtl\u00e1n\nde Ju\u00e1rez, se\u00f1al\u00f3 que el aumento de la violencia contra la poblaci\u00f3n femenina\nen la regi\u00f3n se puede notar en el n\u00famero de pedidos de auxilio que ella\natiende, pues mientras en marzo recib\u00eda una llamada a la semana, actualmente\ntiene dos o tres todos los d\u00edas.<\/p>\n\n\n\n<p>Al ser la \u00fanica funcionaria municipal que actualmente se moviliza para atender peticiones de ayuda de mujeres agredidas, Ramos tiene que abarcar los llamados que puedan surgir en 13 comunidades. Es muy frustrante, porque humanamente quisiera apoyar a todas, pero no puedo desplazarme porque eso me podr\u00eda en riesgo, asever\u00f3 la activista, quien solicit\u00f3 que las autoridades ampl\u00eden el personal encargado de estos temas y le otorguen un pago justo.<\/p>\n\n\n\n<p>(Informaci\u00f3n de \u00abLa Jornada\u00bb)<\/p>\n","protected":false},"excerpt":{"rendered":"<p>Redacci\u00f3n\/Zona Roja Cdmx. Ciudad de M\u00e9xico, 24 de mayo de 2020.- En el contexto de&hellip;<\/p>\n","protected":false},"author":2,"featured_media":8821,"comment_status":"closed","ping_status":"open","sticky":false,"template":"","format":"standard","meta":{"_lmt_disableupdate":"","_lmt_disable":"","_jetpack_memberships_contains_paid_content":false,"footnotes":""},"categories":[109,47],"tags":[1559],"class_list":["post-12846","post","type-post","status-publish","format-standard","has-post-thumbnail","hentry","category-minuto-a-minuto","category-zona-gris","tag-violencia-mujeres-oaxaca"],"jetpack_featured_media_url":"https:\/\/zonaroja.com.mx\/wp-content\/uploads\/2020\/02\/Protestas-feministas-1.jpg","jetpack_sharing_enabled":true,"_links":{"self":[{"href":"https:\/\/zonaroja.com.mx\/index.php?rest_route=\/wp\/v2\/posts\/12846","targetHints":{"allow":["GET"]}}],"collection":[{"href":"https:\/\/zonaroja.com.mx\/index.php?rest_route=\/wp\/v2\/posts"}],"about":[{"href":"https:\/\/zonaroja.com.mx\/index.php?rest_route=\/wp\/v2\/types\/post"}],"author":[{"embeddable":true,"href":"https:\/\/zonaroja.com.mx\/index.php?rest_route=\/wp\/v2\/users\/2"}],"replies":[{"embeddable":true,"href":"https:\/\/zonaroja.com.mx\/index.php?rest_route=%2Fwp%2Fv2%2Fcomments&post=12846"}],"version-history":[{"count":2,"href":"https:\/\/zonaroja.com.mx\/index.php?rest_route=\/wp\/v2\/posts\/12846\/revisions"}],"predecessor-version":[{"id":12848,"href":"https:\/\/zonaroja.com.mx\/index.php?rest_route=\/wp\/v2\/posts\/12846\/revisions\/12848"}],"wp:featuredmedia":[{"embeddable":true,"href":"https:\/\/zonaroja.com.mx\/index.php?rest_route=\/wp\/v2\/media\/8821"}],"wp:attachment":[{"href":"https:\/\/zonaroja.com.mx\/index.php?rest_route=%2Fwp%2Fv2%2Fmedia&parent=12846"}],"wp:term":[{"taxonomy":"category","embeddable":true,"href":"https:\/\/zonaroja.com.mx\/index.php?rest_route=%2Fwp%2Fv2%2Fcategories&post=12846"},{"taxonomy":"post_tag","embeddable":true,"href":"https:\/\/zonaroja.com.mx\/index.php?rest_route=%2Fwp%2Fv2%2Ftags&post=12846"}],"curies":[{"name":"wp","href":"https:\/\/api.w.org\/{rel}","templated":true}]}}