{"id":12849,"date":"2020-05-25T09:58:36","date_gmt":"2020-05-25T14:58:36","guid":{"rendered":"http:\/\/www.zonaroja.com.mx\/?p=12849"},"modified":"2020-05-25T09:58:39","modified_gmt":"2020-05-25T14:58:39","slug":"eolicas-inversiones-en-riesgo-y-el-gobierno-de-oaxaca-calla","status":"publish","type":"post","link":"https:\/\/zonaroja.com.mx\/?p=12849","title":{"rendered":"E\u00f3licas: inversiones en riesgo y el gobierno de Oaxaca calla"},"content":{"rendered":"\n<p>Ismael\nGarc\u00eda M.\/Zona Roja.<\/p>\n\n\n\n<p>Oaxaca de\nJu\u00e1rez, Oax., 25 de mayo de 2020.- El 15 de mayo de este a\u00f1o la Secretar\u00eda de\nEnerg\u00eda (Sener) public\u00f3 un acuerdo que endurece la operaci\u00f3n de nuevas\ncentrales de generaci\u00f3n de energ\u00edas renovables en M\u00e9xico, con el objetivo de\ndarle confiabilidad y orden al sistema el\u00e9ctrico.<\/p>\n\n\n\n<p>Adem\u00e1s de\nque decidir\u00e1 cu\u00e1les son las compa\u00f1\u00edas m\u00e1s confiables para despachar primero,\nconsiderando factores como la congesti\u00f3n en la red, incluso la distancia que\nhay entre cada planta, y no cu\u00e1l es la energ\u00eda m\u00e1s barata para despacharse a\nlos usuarios finales.<\/p>\n\n\n\n<p>Sin embargo, a pesar de que lo ha presumido como uno de los logros de su administraci\u00f3n y ante el probable impacto negativo para las e\u00f3licas de Oaxaca, el gobernador Alejandro Murat Hinojosa ha guardado absoluto silencio, para no contraria al Presidente Andr\u00e9s Manuel L\u00f3pez Obrador, quien le ha tenido especial deferencia.<\/p>\n\n\n\n<p>Mucho m\u00e1s el titular de la Secretar\u00eda del Medio Ambiente, Energ\u00edas y Desarrollo Sustentable, que encabeza el ex priista y ex panista Samuel Gurri\u00f3n Mat\u00edas, que desde hace dos meses est\u00e1 desaparecido; est\u00e1 m\u00e1s enfocado a su en\u00e9sima campa\u00f1a electoral en busca de la gubernatura.<\/p>\n\n\n\n<p>Hay dos\n\u00f3pticas del tema y usted decidir\u00e1 con cu\u00e1l se queda. Una es la gran importancia\nque representa para M\u00e9xico y el mundo el uso cada vez mayor de energ\u00edas\nsustentables, solar o por el viento, a fin de mitigar los graves da\u00f1os al\nambiente.<\/p>\n\n\n\n<p>Otro es\nla voracidad de las compa\u00f1\u00edas e\u00f3licas, la mayor\u00eda extranjeras, principalmente\nde Espa\u00f1a y de Francia, que dan mucho menos que migajas a los due\u00f1os de las\ntierras y, por supuesto, pagan \u00ednfimos impuestos al Estado, pese a que se\nbenefician del erario al vender a la Comisi\u00f3n Federal de Electricidad esa\nenerg\u00eda que producen.<\/p>\n\n\n\n<p>VASTA\nRIQUEZA<\/p>\n\n\n\n<p>En 2019,\nla energ\u00eda e\u00f3lica creci\u00f3 35 por ciento en su capacidad instalada en la\nRep\u00fablica Mexicana, al pasar de cuatro mil 875 a seis mil 590 megawatts (MW),\nubic\u00e1ndose en el segundo lugar en fuentes de energ\u00eda renovable y superando la\ngeotermia, solar fotovoltaica y termosolar. <\/p>\n\n\n\n<p>La\nenerg\u00eda e\u00f3lica s\u00f3lo fue rebasada por la de generaci\u00f3n hidroel\u00e9ctrica, que\nalcanz\u00f3 12 mil 670 MW de capacidad instalada, seg\u00fan datos del Sistema de\nInformaci\u00f3n Energ\u00e9tica de la Secretar\u00eda de Energ\u00eda (Sener).<\/p>\n\n\n\n<p>Oaxaca\nproduce actualmente la mayor cantidad, con dos mil 756 megawatts; en segundo\nlugar Tamaulipas con mil 485 y en un tercer lejano lugar, Nuevo Le\u00f3n con 524\nmegawatts.<\/p>\n\n\n\n<p>De\nacuerdo con la p\u00e1gina oficial del Gobierno de Oaxaca, a trav\u00e9s de la Secretar\u00eda\nde Medio Ambiente, Energ\u00eda y Desarrollo Sustentable, en la entidad existen 22\nparque e\u00f3licos en operaci\u00f3n.<\/p>\n\n\n\n<p>La lista\nse encabeza por el proyecto \u201cLa Venta\u201d; propietario Comisi\u00f3n Federal de\nElectricidad; donde se invirtieron 2.2 millones de d\u00f3lares; inici\u00f3 operaciones\nel 10 de noviembre de 1994 con siete aerogeneradores y capacidad nominal de\ngeneraci\u00f3n de (MW):1.57.<\/p>\n\n\n\n<p>Est\u00e1n\ntambi\u00e9n \u201cLa Venta II\u201d en Juchit\u00e1n, Ventosa I, de Iberdrola Energ\u00edas Renovables;\nEurus, de Acciona Energ\u00eda; \u201cBii Nee Stipa\u201d, de Iberdrola Energ\u00edas Renovables,\nen El Espinal.<\/p>\n\n\n\n<p>La de \u201cPe\u00f1oles\u201d,\nde Fuerza E\u00f3lica del Istmo, en El Espinal; \u201cOaxaca II\u201d y \u201cOaxaca III\u201d de\nAcciona Energ\u00eda, en Santo Domingo Ingenio. \u201cOaxaca III\u201d y \u201cOaxaca IV\u201d en\nJuchit\u00e1n de Zaragoza, por mencionar algunos.<\/p>\n\n\n\n<p>De\nacuerdo una publicaci\u00f3n de este 23 de mayo del diario \u201cEl Universal\u201d, el\ngobierno federal revisar\u00eda los contratos firmados con generadores e\u00f3licos\nprivados en administraciones pasadas.<\/p>\n\n\n\n<p>Entre los\nparques en la mira se encuentran los operados por Iberdrola, Acciona y Grupo\nCobra en Oaxaca; \u201clos contratos estiman construcci\u00f3n de los parques e\u00f3licos\nbajo el esquema de Inversi\u00f3n Financiada Condicionada amparan la compra de\nenerg\u00eda el\u00e9ctrica limpia por 20 a\u00f1os, que este a\u00f1o cumple la mitad del plazo\u201d.<\/p>\n\n\n\n<p>\u00bfY LA\nREACCI\u00d3N?<\/p>\n\n\n\n<p>A m\u00e1s de una semana del anuncio, ni el mandatario Alejandro Murat ni nadie han manifestado su postura, a favor de regular mejor a las compa\u00f1\u00edas e\u00f3licas, o en contra de que se privilegien las energ\u00edas f\u00f3siles en lugar de las renovables.<\/p>\n\n\n\n<p>Por el\ncontrario, a lo largo de su administraci\u00f3n ha festinado que el arribo de\nempresas generadoras de energ\u00eda a partir del viento, han generado miles de\nempleos y han tra\u00eddo miles de millones de d\u00f3lares en inversi\u00f3n.<\/p>\n\n\n\n<p>Hace un\na\u00f1o, el 28 de mayo de 2019, en que se inaugur\u00f3 el parque de E\u00f3lica del Sur en\nJuchit\u00e1n, que genera 396 megawatts, presumi\u00f3 que Oaxaca es l\u00edder en Am\u00e9rica\nLatina en producci\u00f3n de energ\u00eda sustentable.<\/p>\n\n\n\n<p>Incluso, en un bolet\u00edn, difundi\u00f3 que con la entrada\nen operaciones de este nuevo parque e\u00f3lico, suman un total de 28,\ngenerando&nbsp; dos mil 756 Megavatios a\ntrav\u00e9s de sus mil 583 aerogeneradores.<\/p>\n\n\n\n<p>\u00bfEl titular de la Semaedeso? Ex diputado local,\ns\u00f3lo tiene miras y fines pol\u00edticos. El ex regidor panista, candidato perdedor a\nla alcald\u00eda de Oaxaca de Ju\u00e1rez, fue coptado por el ex gobernador Jos\u00e9 Murat\npara que se ande movilizando.<\/p>\n\n\n\n<p>Pero el juchiteco no respeta ni reconoce pactos\npol\u00edticos; desde la Semaedeso ocupa personal y recursos para seguir su\npromoci\u00f3n personal, a trav\u00e9s del obsequio de contenedores para separaci\u00f3n de\nbasura, su \u00fanica acci\u00f3n en dicha dependencia, hasta ahora. <\/p>\n\n\n\n<p>Tampoco hizo mucho por el ambiente el ex titular\nJos\u00e9 Luis Calvo Ziga, que para lo \u00fanico que sirvi\u00f3 fue para fortalecer sus\nlazos de amistad con el sector empresarial.<\/p>\n\n\n\n<p>BOT\u00cdN DE GUERRA<\/p>\n\n\n\n<p>Indudablemente que la generaci\u00f3n de energ\u00eda e\u00f3lica\nes fundamental para el pa\u00eds, pues el cambio clim\u00e1tico es atroz en el planeta;\nurge, por supuesto, una mayor generaci\u00f3n de energ\u00edas limpias.<\/p>\n\n\n\n<p>Pero tambi\u00e9n urge frenar la voracidad de los\nempresarios extranjeros que literalmente pagan una miseria a los campesinos que\narrendan sus tierras en la regi\u00f3n del Istmo de Tehuantepec.<\/p>\n\n\n\n<p>Se estima que las compa\u00f1\u00edas pagan a tres pesos el\nmetro cuadrado de tierra que se les renta para instalar los aerogeneradores,\nuna aut\u00e9ntica groser\u00eda frente a los miles de millones que ganan con la venta de\nenerg\u00eda el\u00e9ctrica que producen.<\/p>\n\n\n\n<p>Tan disputada est\u00e1 la instalaci\u00f3n y continuaci\u00f3n de\noperaciones de los parques e\u00f3licos, que muchos empresarios han tenido que\nutilizar grupos armados para defender sus tierras; incluso ya se han registrado\nasesinatos.<\/p>\n\n\n\n<p>El 29 de junio de 2017, a trav\u00e9s de la Comisi\u00f3n\nReguladora de Energ\u00eda (CRE) se otorg\u00f3 el t\u00edtulo de permiso&nbsp; E\/1922\/GEN\/2017 a E\u00f3lica de Oaxaca, filial de\nE\u00f3lica de Francia, con una vigencia de 30 a\u00f1os para operar en Uni\u00f3n Hidalgo,\ncuya instalaci\u00f3n sigue sin concretarse, por oposici\u00f3n de la gente. <\/p>\n\n\n\n<p>En San Dioniso del Mar tiene tambi\u00e9n varios a\u00f1os la\ndisputa por la instalaci\u00f3n de otro complejo e\u00f3lico; las cantidades de dinero en\ndisputa, es el pleito; de ello se han beneficiado muchos pol\u00edticos y supuestos\ngestores sociales. Bot\u00edn del que se han beneficiado de manera particular hasta\nautoridades municipales, principalmente de Juchit\u00e1n; si no, que le pregunten a\nGloria S\u00e1nchez L\u00f3pez.<\/p>\n\n\n\n<p>Por supuesto que el gobierno de M\u00e9xico no deber\u00eda\nestar en contra de la energ\u00eda generada por el sol o por el viento. Esperemos\nque la determinaci\u00f3n del Presidente L\u00f3pez Obrador sea en realidad regular a los\nemporios extranjeros para que paguen realmente lo que corresponde, tanto en\narrendamiento como en impuestos que se deben caer en el pa\u00eds. De no ser as\u00ed, la\nextinci\u00f3n de los parques e\u00f3licos ser\u00eda el acabose de la econom\u00eda oaxaque\u00f1a,\nque, parad\u00f3jicamente est\u00e1 contemplada dentro del megaproyecto de desarrollo del\nIstmo de Tehuantepec.<\/p>\n","protected":false},"excerpt":{"rendered":"<p>Ismael Garc\u00eda M.\/Zona Roja. Oaxaca de Ju\u00e1rez, Oax., 25 de mayo de 2020.- El 15&hellip;<\/p>\n","protected":false},"author":2,"featured_media":7610,"comment_status":"closed","ping_status":"open","sticky":false,"template":"","format":"standard","meta":{"_lmt_disableupdate":"","_lmt_disable":"","_jetpack_memberships_contains_paid_content":false,"footnotes":""},"categories":[456,109,48],"tags":[1353],"class_list":["post-12849","post","type-post","status-publish","format-standard","has-post-thumbnail","hentry","category-columna","category-minuto-a-minuto","category-zona-critica","tag-opinion-zona-critica"],"jetpack_featured_media_url":"https:\/\/zonaroja.com.mx\/wp-content\/uploads\/2020\/01\/Opini\u00f3n-Zona-Cr\u00edtica.jpg","jetpack_sharing_enabled":true,"_links":{"self":[{"href":"https:\/\/zonaroja.com.mx\/index.php?rest_route=\/wp\/v2\/posts\/12849","targetHints":{"allow":["GET"]}}],"collection":[{"href":"https:\/\/zonaroja.com.mx\/index.php?rest_route=\/wp\/v2\/posts"}],"about":[{"href":"https:\/\/zonaroja.com.mx\/index.php?rest_route=\/wp\/v2\/types\/post"}],"author":[{"embeddable":true,"href":"https:\/\/zonaroja.com.mx\/index.php?rest_route=\/wp\/v2\/users\/2"}],"replies":[{"embeddable":true,"href":"https:\/\/zonaroja.com.mx\/index.php?rest_route=%2Fwp%2Fv2%2Fcomments&post=12849"}],"version-history":[{"count":1,"href":"https:\/\/zonaroja.com.mx\/index.php?rest_route=\/wp\/v2\/posts\/12849\/revisions"}],"predecessor-version":[{"id":12850,"href":"https:\/\/zonaroja.com.mx\/index.php?rest_route=\/wp\/v2\/posts\/12849\/revisions\/12850"}],"wp:featuredmedia":[{"embeddable":true,"href":"https:\/\/zonaroja.com.mx\/index.php?rest_route=\/wp\/v2\/media\/7610"}],"wp:attachment":[{"href":"https:\/\/zonaroja.com.mx\/index.php?rest_route=%2Fwp%2Fv2%2Fmedia&parent=12849"}],"wp:term":[{"taxonomy":"category","embeddable":true,"href":"https:\/\/zonaroja.com.mx\/index.php?rest_route=%2Fwp%2Fv2%2Fcategories&post=12849"},{"taxonomy":"post_tag","embeddable":true,"href":"https:\/\/zonaroja.com.mx\/index.php?rest_route=%2Fwp%2Fv2%2Ftags&post=12849"}],"curies":[{"name":"wp","href":"https:\/\/api.w.org\/{rel}","templated":true}]}}