{"id":12851,"date":"2020-05-25T11:42:03","date_gmt":"2020-05-25T16:42:03","guid":{"rendered":"http:\/\/www.zonaroja.com.mx\/?p=12851"},"modified":"2020-05-25T11:42:07","modified_gmt":"2020-05-25T16:42:07","slug":"drama-y-peregrinar-de-un-enfermo-por-covid-que-enfrenta-negligencia-oficial","status":"publish","type":"post","link":"https:\/\/zonaroja.com.mx\/?p=12851","title":{"rendered":"Drama y peregrinar de un enfermo por Covid que enfrenta negligencia oficial"},"content":{"rendered":"\n<p>Evlin\nArag\u00f3n\/Zona Roja.<\/p>\n\n\n\n<p>Oaxaca de\nJu\u00e1rez, Oax., 25 de mayo de 2020.- \u201cEn estos momentos me encuentro en un gran\naprieto, una gran urgencia, he estado pidiendo ayuda a todo mundo\u201d, dice Emanuel\nS\u00e1nchez Aguilar, m\u00e9dico pasante.<\/p>\n\n\n\n<p>A trav\u00e9s\nde las redes sociales como Facebook, el hombre da cuenta del peregrinar y el\ndrama que implica tener un familiar con s\u00edntomas de Covid-19 que no quiere ser\natendido en los hospitales p\u00fablicos de Oaxaca.<\/p>\n\n\n\n<p>Con\nl\u00e1grimas en los ojos y voz entrecortada, Emanuel realiz\u00f3 este domingo una\ntransmisi\u00f3n en vivo a las afueras del Hospital de la Mujer y del Ni\u00f1o, en donde\nfue rechazado su padre que presenta s\u00edntomas de Covid.<\/p>\n\n\n\n<p>Ello pese\na que el nosocomio ubicado en San Bartolo Coyotepec ha sido anunciado por el\ngobernador de Oaxaca, Alejandro Murat, como uno de los espacios habilitados\npara la atenci\u00f3n de las complicaciones generadas por el virus.<\/p>\n\n\n\n<p>\u201cHe\nestado pidiendo ayuda a todo mundo a los jefes jurisdiccionales, a los jefes de\nense\u00f1anza, a mis doctores, a mis maestros, a mis compa\u00f1eros, a mis m\u00e9dicos, a\ntodo mundo porque tengo en estos momentos un familiar enfermo, probablemente\ncontagiado por Covid, es mi padre. <\/p>\n\n\n\n<p>\u201cEn estos\nmomentos est\u00e1 aqu\u00ed en la ambulancia en la entrada del Hospital de la Mujer\u201d,\nse\u00f1ala el joven mientras la c\u00e1mara da fe de su dicho.<\/p>\n\n\n\n<p>De acuerdo con su testimonio, desde un d\u00eda antes ha estado buscando lugar para que sea atendido y valorado su se\u00f1or padre que ya presentaba complicaciones respiratorias por lo que requer\u00eda de forma urgente atenci\u00f3n m\u00e9dica, sin embargo, el peregrinar no cesaba debido a la negativa de personal del Hospital de la Mujer en recibirlo.<\/p>\n\n\n\n<figure class=\"wp-block-embed-twitter wp-block-embed is-type-rich is-provider-twitter\"><div class=\"wp-block-embed__wrapper\">\n<div class=\"twitter-tweet\"><blockquote class=\"twitter-tweet\" data-lang=\"es\"><p lang=\"es\" dir=\"ltr\"><a href=\"https:\/\/twitter.com\/hashtag\/Qu%C3%A9dateEnCasaYa?src=hash&amp;ref_src=twsrc%5Etfw\">#Qu\u00e9dateEnCasaYa<\/a><br>Un reflejo del colapso en salud y la grave crisis en <a href=\"https:\/\/twitter.com\/SSO_GobOax?ref_src=twsrc%5Etfw\">@SSO_GobOax<\/a>, lo sufri\u00f3 un pasante de Medicina ayer, quien peregrin\u00f3 por varios hospitales de Oaxaca para que atendieran a su padre, presumiblemente con Covid-19; entre l\u00e1grimas se retir\u00f3 a falta de atenci\u00f3n. <a href=\"https:\/\/t.co\/qCnuO0vjNL\">pic.twitter.com\/qCnuO0vjNL<\/a><\/p>&mdash; Zona Roja Oaxaca (@MexRoja) <a href=\"https:\/\/twitter.com\/MexRoja\/status\/1264905698351202304?ref_src=twsrc%5Etfw\">25 de mayo de 2020<\/a><\/blockquote><\/div>\n<\/div><\/figure>\n\n\n\n<p>Lo\nanterior pese a contar con una hoja de referencia del Instituto Mexicano del\nSeguro Social (IMSS), la cual no hicieron valida argumentado que s\u00f3lo el\ndirector del nosocomio puede dar la autorizaci\u00f3n, siempre&nbsp; y cuando reciba la instrucci\u00f3n de alguien\nm\u00e1s, imposibilitando as\u00ed la atenci\u00f3n m\u00e9dica del paciente con complicaciones\nrespiratorias.<\/p>\n\n\n\n<p>\u201cHe ido a\nmuchos hospitales, no me lo aceptan porque no hay lugar, no me lo aceptan\nporque las referencias no sirven, porque se supone y dicen que solamente los\ndirectores est\u00e1n facultados para recibirnos a nuestros pacientes, que las\nreferencias no sirven de nada, al menos que el director haya hablado con el\notro director del otro hospital y solamente entre ellos puedan hacernos valida\nla referencia\u201d, relata.<\/p>\n\n\n\n<p>Ante la\nnegativa la ambulancia en la que traslada a su padre tuvo que regresar al IMSS\npara una nueva valoraci\u00f3n, con la que espera se pueda concretar la atenci\u00f3n\nm\u00e9dica antes que sea demasiado tarde, adem\u00e1s que Emanuel se enfrenta a otra\nproblem\u00e1tica ya que la unidad m\u00e9dica le fue solicitada para utilizarla con otro\npaciente.<\/p>\n\n\n\n<p>\u201cEstoy en\nun dilema amigas y amigos, ay\u00fadenme por favor. A todas las autoridades, a todos\nlos m\u00e9dicos, a cualquier que me pueda ayudar por favor. Es importante esto.<\/p>\n\n\n\n<p>\u201cAll\u00e1 va\nde nuevo -la ambulancia- y all\u00e1 voy detr\u00e1s otra vez esperando que encuentre\nlugar muy pronto\u201d, concluye la transmisi\u00f3n en la que se le puede ver\nvisiblemente afectado por la situaci\u00f3n.<\/p>\n\n\n\n<p>Emanuel\nS\u00e1nchez Aguilar, es m\u00e9dico pasante de Servicio Social designado a una comunidad\nperteneciente al municipio de Eloxochitl\u00e1n de Flores Mag\u00f3n, en la regi\u00f3n\nCa\u00f1ada.<\/p>\n\n\n\n<p>No\nobstante que conoce el procedimiento y la ruta a seguir para acceder al\nservicio, \u00e9ste se le ha negado por la burocracia existente en los Servicios de\nSalud y la falta de espacios suficientes para la atenci\u00f3n de pacientes con\nCovid, pese a las declaraciones de las autoridades estatales.<\/p>\n\n\n\n<p>Debido a\nsus conocimientos en medicina, el joven aisl\u00f3 desde hace unos d\u00edas a su padre\nd\u00e1ndole incluso tratamiento m\u00e9dico, sin embargo, las complicaciones\nrespiratorias hicieron presencia en el paciente por lo que decidi\u00f3 buscar apoyo\nespecializado ya que requiere el suministro de ox\u00edgeno.<\/p>\n\n\n\n<p>El apoyo\nque ha recibido de sus jefes y compa\u00f1eros del gremio m\u00e9dico ha sido\ninsuficiente ya que Emanuel relat\u00f3 en un segundo video que durante todo el d\u00eda\ndomingo no pudo contar con la atenci\u00f3n m\u00e9dica especializada,<\/p>\n\n\n\n<p>\u201cNadie lo\nquiere, nadie lo quiere valorar. A pesar de que yo vengo como m\u00e9dico pasante,\ncomo familiar, traigo todos los datos, se lo que le est\u00e1 pasando a mi padre. Mi\npap\u00e1 se est\u00e1 muriendo en estos momentos, se le est\u00e1 yendo la vida en cada\nsegundo. Ya no s\u00e9 a qui\u00e9n m\u00e1s acudir, ay\u00fademe\u201d, suplica en el \u00faltimo video que\npublic\u00f3 en las redes sociales.<\/p>\n\n\n\n<p>Este fin\nde semana las cifras de contagio por Covid-19 en la entidad oaxaque\u00f1a superaron\nlos primeros mil casos confirmados y las cien defunciones, lo anterior ha provocado\nque los hospitales tengan mayor cupo y que la historia de Emanuel deje al\ndescubierto el drama y el viacrucis que podr\u00edan repetir pacientes y sus\nfamiliares para conseguir atenci\u00f3n especializada durante esta contingencia\nsanitaria.<\/p>\n","protected":false},"excerpt":{"rendered":"<p>Evlin Arag\u00f3n\/Zona Roja. Oaxaca de Ju\u00e1rez, Oax., 25 de mayo de 2020.- \u201cEn estos momentos&hellip;<\/p>\n","protected":false},"author":2,"featured_media":12852,"comment_status":"closed","ping_status":"open","sticky":false,"template":"","format":"standard","meta":{"_lmt_disableupdate":"","_lmt_disable":"","_jetpack_memberships_contains_paid_content":false,"footnotes":""},"categories":[109,47],"tags":[1512],"class_list":["post-12851","post","type-post","status-publish","format-standard","has-post-thumbnail","hentry","category-minuto-a-minuto","category-zona-gris","tag-coronavirus-oaxaca"],"jetpack_featured_media_url":"https:\/\/zonaroja.com.mx\/wp-content\/uploads\/2020\/05\/M\u00e9dico-Eloxochitl\u00e1n.jpg","jetpack_sharing_enabled":true,"_links":{"self":[{"href":"https:\/\/zonaroja.com.mx\/index.php?rest_route=\/wp\/v2\/posts\/12851","targetHints":{"allow":["GET"]}}],"collection":[{"href":"https:\/\/zonaroja.com.mx\/index.php?rest_route=\/wp\/v2\/posts"}],"about":[{"href":"https:\/\/zonaroja.com.mx\/index.php?rest_route=\/wp\/v2\/types\/post"}],"author":[{"embeddable":true,"href":"https:\/\/zonaroja.com.mx\/index.php?rest_route=\/wp\/v2\/users\/2"}],"replies":[{"embeddable":true,"href":"https:\/\/zonaroja.com.mx\/index.php?rest_route=%2Fwp%2Fv2%2Fcomments&post=12851"}],"version-history":[{"count":1,"href":"https:\/\/zonaroja.com.mx\/index.php?rest_route=\/wp\/v2\/posts\/12851\/revisions"}],"predecessor-version":[{"id":12853,"href":"https:\/\/zonaroja.com.mx\/index.php?rest_route=\/wp\/v2\/posts\/12851\/revisions\/12853"}],"wp:featuredmedia":[{"embeddable":true,"href":"https:\/\/zonaroja.com.mx\/index.php?rest_route=\/wp\/v2\/media\/12852"}],"wp:attachment":[{"href":"https:\/\/zonaroja.com.mx\/index.php?rest_route=%2Fwp%2Fv2%2Fmedia&parent=12851"}],"wp:term":[{"taxonomy":"category","embeddable":true,"href":"https:\/\/zonaroja.com.mx\/index.php?rest_route=%2Fwp%2Fv2%2Fcategories&post=12851"},{"taxonomy":"post_tag","embeddable":true,"href":"https:\/\/zonaroja.com.mx\/index.php?rest_route=%2Fwp%2Fv2%2Ftags&post=12851"}],"curies":[{"name":"wp","href":"https:\/\/api.w.org\/{rel}","templated":true}]}}