{"id":12854,"date":"2020-05-25T13:44:26","date_gmt":"2020-05-25T18:44:26","guid":{"rendered":"http:\/\/www.zonaroja.com.mx\/?p=12854"},"modified":"2020-05-25T13:44:31","modified_gmt":"2020-05-25T18:44:31","slug":"reclama-fpr-asesinato-de-militante-exigen-a-fiscalia-justicia","status":"publish","type":"post","link":"https:\/\/zonaroja.com.mx\/?p=12854","title":{"rendered":"Reclama FPR asesinato de militante; exigen a Fiscal\u00eda justicia"},"content":{"rendered":"\n<p>Evlin\nArag\u00f3n\/Zona Roja.<\/p>\n\n\n\n<p>Oaxaca de\nJu\u00e1rez, Oax., 25 de mayo de 2020.- Integrantes de la Comisi\u00f3n Pol\u00edtica del\nFrente Popular Revolucionario (FPR) exigieron a la Fiscal\u00eda General de Estado\nde Estado de Oaxaca, investigar y castigar a los autores intelectuales y\nmateriales del homicidio de su compa\u00f1ero Miguel \u00c1ngel Brena, asesinado este fin\nde semana.<\/p>\n\n\n\n<p>A trav\u00e9s\nde un comunicado, condenaron en\u00e9rgicamente los hechos ocurridos el d\u00eda s\u00e1bado\n23 de mayo, en el municipio de Miahuatl\u00e1n de Porfirio D\u00edaz, donde sujetos\narmados dispararon en contra del militante del FPR y desempe\u00f1aba tareas\nlog\u00edsticas en la regi\u00f3n de la Sierra Sur.<\/p>\n\n\n\n<p>Recordaron\nel nivel de violencia que existe en el municipio, de la cual hicieron\nresponsable a los gobiernos que lejos de tomar cartas en el asunto, \u00fanicamente\nbuscan conservar el cacicazgo en la zona que beneficia a unos cuantos y no al\npueblo que vive grandes carencias.<\/p>\n\n\n\n<p>\u201cMiahuatl\u00e1n\ncomo otros municipios es azotado por la violencia e inseguridad. A\u00f1o con a\u00f1o\nlos gobiernos que mantienen de manera caciquil las administraciones municipales\nhan sido omisas para proteger la integridad de los pobladores\u201d, manifiesta el\ndocumento que evidencia la situaci\u00f3n por la que atraviesa la localidad.<\/p>\n\n\n\n<p>Denunciaron\nque constantemente se violan los derechos de las y los defensores de los\nrecursos naturales, particularmente de los bosques, agua y el territorio; al\nmismo tiempo que la delincuencia sigue el pan de cada d\u00eda para toda la\npoblaci\u00f3n en la entidad.<\/p>\n\n\n\n<p>Por lo\nanterior, responsabilizaron al Estado de cualquier hecho violento o delictivo\nque pudiera sufrir cualquier integrante del comit\u00e9 regional en la Sierra Sur y\nen todo el estado, a la par que exigieron el cese inmediato a la represi\u00f3n de\nlos activistas y luchadores sociales.<\/p>\n\n\n\n<p>Finalmente\nindicaron que la lucha -que inici\u00f3 el Frente Popular Revolucionario desde los\na\u00f1os 90- seguir\u00e1 activa en beneficio de las comunidades, colonias, escuelas y\nen cada lugar donde mantengan un trabajo en colectivo. <\/p>\n\n\n\n<p>\u201cSomos\nmiles de militantes consientes y organizados que mantendremos esta lucha\nrevolucionaria en beneficio de las comunidades, colonias, escuelas y en cada\nlugar donde mantengamos un trabajo activo\u201d, concluyeron a la par que\nadvirtieron que seguir\u00e1n fortaleciendo el trabajo organizativo del FPR.<\/p>\n\n\n\n<p>Miguel\n\u00c1ngel Brena Ramos se desempe\u00f1aba como guarda de un funcionario del ayuntamiento\nmiahuteco y fue ejecutado el s\u00e1bado por la tarde por disparos de arma de fuego\nal interior de su camioneta, ubicada en la calle prolongaci\u00f3n de Zaragoza del\nbarrio San Francisco.<\/p>\n","protected":false},"excerpt":{"rendered":"<p>Evlin Arag\u00f3n\/Zona Roja. Oaxaca de Ju\u00e1rez, Oax., 25 de mayo de 2020.- Integrantes de la&hellip;<\/p>\n","protected":false},"author":2,"featured_media":12855,"comment_status":"closed","ping_status":"open","sticky":false,"template":"","format":"standard","meta":{"_lmt_disableupdate":"","_lmt_disable":"","_jetpack_memberships_contains_paid_content":false,"footnotes":""},"categories":[109,47],"tags":[1687],"class_list":["post-12854","post","type-post","status-publish","format-standard","has-post-thumbnail","hentry","category-minuto-a-minuto","category-zona-gris","tag-frente-popular-revolucionario-fpr"],"jetpack_featured_media_url":"https:\/\/zonaroja.com.mx\/wp-content\/uploads\/2020\/05\/FPR.jpg","jetpack_sharing_enabled":true,"_links":{"self":[{"href":"https:\/\/zonaroja.com.mx\/index.php?rest_route=\/wp\/v2\/posts\/12854","targetHints":{"allow":["GET"]}}],"collection":[{"href":"https:\/\/zonaroja.com.mx\/index.php?rest_route=\/wp\/v2\/posts"}],"about":[{"href":"https:\/\/zonaroja.com.mx\/index.php?rest_route=\/wp\/v2\/types\/post"}],"author":[{"embeddable":true,"href":"https:\/\/zonaroja.com.mx\/index.php?rest_route=\/wp\/v2\/users\/2"}],"replies":[{"embeddable":true,"href":"https:\/\/zonaroja.com.mx\/index.php?rest_route=%2Fwp%2Fv2%2Fcomments&post=12854"}],"version-history":[{"count":1,"href":"https:\/\/zonaroja.com.mx\/index.php?rest_route=\/wp\/v2\/posts\/12854\/revisions"}],"predecessor-version":[{"id":12856,"href":"https:\/\/zonaroja.com.mx\/index.php?rest_route=\/wp\/v2\/posts\/12854\/revisions\/12856"}],"wp:featuredmedia":[{"embeddable":true,"href":"https:\/\/zonaroja.com.mx\/index.php?rest_route=\/wp\/v2\/media\/12855"}],"wp:attachment":[{"href":"https:\/\/zonaroja.com.mx\/index.php?rest_route=%2Fwp%2Fv2%2Fmedia&parent=12854"}],"wp:term":[{"taxonomy":"category","embeddable":true,"href":"https:\/\/zonaroja.com.mx\/index.php?rest_route=%2Fwp%2Fv2%2Fcategories&post=12854"},{"taxonomy":"post_tag","embeddable":true,"href":"https:\/\/zonaroja.com.mx\/index.php?rest_route=%2Fwp%2Fv2%2Ftags&post=12854"}],"curies":[{"name":"wp","href":"https:\/\/api.w.org\/{rel}","templated":true}]}}