{"id":12863,"date":"2020-05-25T15:31:26","date_gmt":"2020-05-25T20:31:26","guid":{"rendered":"http:\/\/www.zonaroja.com.mx\/?p=12863"},"modified":"2020-05-25T15:34:39","modified_gmt":"2020-05-25T20:34:39","slug":"edil-y-diputado-de-la-cuenca-se-acusan-de-violencia-y-fiscalia-no-los-indaga","status":"publish","type":"post","link":"https:\/\/zonaroja.com.mx\/?p=12863","title":{"rendered":"Edil y diputado de la Cuenca se acusan de violencia\u2026 y Fiscal\u00eda no los indaga"},"content":{"rendered":"\n<p>Redacci\u00f3n\/Zona\nRoja.<\/p>\n\n\n\n<p>Oaxaca de\nJu\u00e1rez, Oax., 25 de mayo de 2020.- Tras la muerte de seis presuntos\ndelincuentes abatidos durante un enfrentamiento con la polic\u00eda, el edil de\nAcatl\u00e1n de P\u00e9rez Figueroa, Ad\u00e1n Maciel Sosa, y el diputado local Gustavo D\u00edaz\nS\u00e1nchez, se enfrascaron en acusaciones mutuas.<\/p>\n\n\n\n<p>Sin embargo,\nde acuerdo con fuentes gubernamentales, a la fecha ninguno de los dos ha sido\nllamado por la Fiscal\u00eda General del Estado, por sus declaraciones p\u00fablicas\nrespecto a diversos hechos delictivos que se han suscitado en la Cuenca.<\/p>\n\n\n\n<p>Presuntamente,\nGustavo D\u00edaz S\u00e1nchez se ampara en la amistad que tiene con el fiscal Rub\u00e9n\nVasconcelos M\u00e9ndez, seg\u00fan dijo a sus allegados de su natal San Jos\u00e9 Cosolapa.<\/p>\n\n\n\n<p>A pesar\nque la frontera de Oaxaca y Veracruz, en la regi\u00f3n de la Cuenca, hay un\noperativo especial de seguridad para abatir los altos \u00edndices de violencia por\ndelitos de alto impacto, en Acatl\u00e1n de P\u00e9rez Figueroa el pasado 15 de mayo se\nregistr\u00f3 el enfrentamiento entre un grupo armado y polic\u00edas municipales y estatales.<\/p>\n\n\n\n<p>El saldo:\nseis civiles fuertemente armados fueron abatidos y un elemento Estatal herido\nde pierna. Decomiso de armas y droga, pero, adem\u00e1s, se\u00f1alamientos entre\nservidores p\u00fablicos sobre la responsabilidad de la violencia en la zona.<\/p>\n\n\n\n<p>Justificado\nen que no busca \u201cbronca\u201d, pero que tampoco \u201cse esconder\u00e1 debajo de la cama\u201d, el\nedil de Acatl\u00e1n de P\u00e9rez Figueroa, Ad\u00e1n Jos\u00e9 Maciel Sosa, del PAN,&nbsp; responsabiliz\u00f3 al diputado local del PRI,\nGustavo D\u00edaz S\u00e1nchez.<\/p>\n\n\n\n<p>Primero,\nen un video lanzado en redes sociales, el edil record\u00f3 la ocasi\u00f3n en la que\nafirma fue v\u00edctima de un ataque armado tras una jornada electoral en la que\ngan\u00f3 el panista.<\/p>\n\n\n\n<p>\u201cLa gente\nven\u00eda de San Miguel Soyaltepec, de all\u00e1 por tu pueblo\u201d, dijo Maciel Sosa, quien\nagreg\u00f3: \u201cDices que quieres hace justicia y por qu\u00e9 no tocas el punto del\nenfrentamiento aqu\u00ed en la cabecera\u201d.<\/p>\n\n\n\n<p>El\npanista tom\u00f3 valor y le sentenci\u00f3 que el pueblo de Acatl\u00e1n \u201cno va a permitir\nque vengas a hacer sus fechor\u00edas, &#8230;sabemos, s\u00e9 que posiblemente, hoy o ma\u00f1ana\no al rato pierda la vida, pero que te quede claro que va a venir otro cateco\u201d.<\/p>\n\n\n\n<p>En otro\ntono, m\u00e1s valentonado, el presidente sigui\u00f3 su oratoria: \u201cQuiero decirte \u2018Gato\u2019\n(como le conocen en la zona) que somos de los que todav\u00eda pensamos que la\npatria es primero. Y si hay alg\u00fan culpable de todo esto, quiero que sepas, no\nte hagas pendejo, ere t\u00fa\u201d.<\/p>\n\n\n\n<p>Mac\u00edas\nSosa asegur\u00f3 que los j\u00f3venes abatidos trabajaban para el diputado. \u201cT\u00fa\narruinaste a esos muchachos, t\u00fa los andabas trayendo en esas chingaderas, tu\neres el culpable\u201d.<\/p>\n\n\n\n<p>Ad\u00e1n Mac\u00edas\nno dej\u00f3 de decir que a\u00fan es de las personas que creen en la justicia y que\nproteger\u00e1 a su pueblo \u201chasta el \u00faltimo aliento si es necesario\u201d para que no\nlleguen m\u00e1s grupos delincuenciales.<\/p>\n\n\n\n<p>LOS\nSE\u00d1ALAMIENTOS DEL DIPUTADO<\/p>\n\n\n\n<p>Previo a\nese reto y acusaciones, el diputado local por el PRI, Gustavo D\u00edaz S\u00e1nchez,\nhab\u00eda acusado tambi\u00e9n a las autoridades de Acatl\u00e1n de proteger a la\ndelincuencia.<\/p>\n\n\n\n<p>\u201cCall\u00e1ndole\nla trompa al comandante de Acatl\u00e1n, a Siquem, que anda haciendo cadenas y\ndiciendo pendejadas. Deber\u00eda saber la Guardia Nacional, el Ej\u00e9rcito, que Siquem\nes el asesino de Acatl\u00e1n, de tanto muerto que hay\u2026 es el brazo armado en\nAcatl\u00e1n, que desaparece a la gente, 36 asesinatos\u201d, dijo.<\/p>\n\n\n\n<p>\u201cLa\nFiscal\u00eda, el vicefiscal Gustavo se hace pendejo tambi\u00e9n pendejo y no investiga\nlos homicidios que han ocurrido en Acatl\u00e1n, de j\u00f3venes y se\u00f1oritas. Esto debe\nser ordenado por el asesino de Ad\u00e1n Maciel Sosa. Voy a poner una denuncia ante\nla Procuradur\u00eda General de la Rep\u00fablica\u201d, dijo el presidente de la Comisi\u00f3n\nPermanente de Protecci\u00f3n Ciudadana en la 64 Legislatura.<\/p>\n\n\n\n<p>\u201cEl\ndirector de Seguridad (de Acatl\u00e1n), ya tengo las carpetas de investigaci\u00f3n, las\nvamos a solicitar a la Fiscal\u00eda, que tambi\u00e9n el fiscal Vasconcelos se anda\nhaciendo ah\u00ed que no sabe nada, deber\u00eda de ver la Fiscal\u00eda que investigue los 36\nasesinatos, mandado por el asesino de Maciel Sosa\u2026 Ellos tienen un laboratorio\ndonde fabrican cristal\u201d\u2026 <\/p>\n\n\n\n<p>La postura\nde exigencia de justicia la reflej\u00f3 tambi\u00e9n el 19 de mayo a trav\u00e9s de un\ncomunicado del Congreso del Estado, en que pidi\u00f3 a la Fiscal\u00eda General que se\ninvestiguen los hechos violentos.<\/p>\n","protected":false},"excerpt":{"rendered":"<p>Redacci\u00f3n\/Zona Roja. Oaxaca de Ju\u00e1rez, Oax., 25 de mayo de 2020.- Tras la muerte de&hellip;<\/p>\n","protected":false},"author":2,"featured_media":12865,"comment_status":"closed","ping_status":"open","sticky":false,"template":"","format":"standard","meta":{"_lmt_disableupdate":"","_lmt_disable":"","_jetpack_memberships_contains_paid_content":false,"footnotes":""},"categories":[109,47],"tags":[1717,671],"class_list":["post-12863","post","type-post","status-publish","format-standard","has-post-thumbnail","hentry","category-minuto-a-minuto","category-zona-gris","tag-adan-maciel-sosa","tag-gustavo-diaz-sanchez"],"jetpack_featured_media_url":"https:\/\/zonaroja.com.mx\/wp-content\/uploads\/2020\/05\/IMG_3407.jpg","jetpack_sharing_enabled":true,"_links":{"self":[{"href":"https:\/\/zonaroja.com.mx\/index.php?rest_route=\/wp\/v2\/posts\/12863","targetHints":{"allow":["GET"]}}],"collection":[{"href":"https:\/\/zonaroja.com.mx\/index.php?rest_route=\/wp\/v2\/posts"}],"about":[{"href":"https:\/\/zonaroja.com.mx\/index.php?rest_route=\/wp\/v2\/types\/post"}],"author":[{"embeddable":true,"href":"https:\/\/zonaroja.com.mx\/index.php?rest_route=\/wp\/v2\/users\/2"}],"replies":[{"embeddable":true,"href":"https:\/\/zonaroja.com.mx\/index.php?rest_route=%2Fwp%2Fv2%2Fcomments&post=12863"}],"version-history":[{"count":1,"href":"https:\/\/zonaroja.com.mx\/index.php?rest_route=\/wp\/v2\/posts\/12863\/revisions"}],"predecessor-version":[{"id":12864,"href":"https:\/\/zonaroja.com.mx\/index.php?rest_route=\/wp\/v2\/posts\/12863\/revisions\/12864"}],"wp:featuredmedia":[{"embeddable":true,"href":"https:\/\/zonaroja.com.mx\/index.php?rest_route=\/wp\/v2\/media\/12865"}],"wp:attachment":[{"href":"https:\/\/zonaroja.com.mx\/index.php?rest_route=%2Fwp%2Fv2%2Fmedia&parent=12863"}],"wp:term":[{"taxonomy":"category","embeddable":true,"href":"https:\/\/zonaroja.com.mx\/index.php?rest_route=%2Fwp%2Fv2%2Fcategories&post=12863"},{"taxonomy":"post_tag","embeddable":true,"href":"https:\/\/zonaroja.com.mx\/index.php?rest_route=%2Fwp%2Fv2%2Ftags&post=12863"}],"curies":[{"name":"wp","href":"https:\/\/api.w.org\/{rel}","templated":true}]}}