{"id":12866,"date":"2020-05-25T18:04:39","date_gmt":"2020-05-25T23:04:39","guid":{"rendered":"http:\/\/www.zonaroja.com.mx\/?p=12866"},"modified":"2020-05-25T18:04:42","modified_gmt":"2020-05-25T23:04:42","slug":"ubisort-y-multi-exigen-justicia-por-ataque-de-san-pedro-chayuco","status":"publish","type":"post","link":"https:\/\/zonaroja.com.mx\/?p=12866","title":{"rendered":"Ubisort y MULTI exigen justicia por ataque de San Pedro Chayuco"},"content":{"rendered":"\n<p>Yuridiana\nSosa\/Zona Roja.<\/p>\n\n\n\n<p>Oaxaca de\nJu\u00e1rez, Oax., 25 de mayo de 2020.- Las organizaciones sociales Movimiento de\nUnificaci\u00f3n y Lucha Independiente (MULTI) y la Unidad de Bienestar Social de la\nRegi\u00f3n Triqui (Ubisort) exigieron hoy a la Fiscal\u00eda General de Oaxaca, justicia\npor el ataque y asesinato de una persona por parte de la comunidad vecina de\nSan Pedro Chayuco, del municipio de Santiago Juxtlahuaca.<\/p>\n\n\n\n<p>Acompa\u00f1ados\nde autoridades locales de regi\u00f3n ind\u00edgena Triqui, adherida a sus\norganizaciones, los representantes sociales negaron que sus pobladores hayan\natacado a los habitantes de San Pedro el pasado 10 de mayo, en el paraje \u201cLoma\nla Cocina\u201d, donde se plane\u00f3 de forma conjunta la apertura de una brecha.<\/p>\n\n\n\n<p>En\nconferencia de prensa en la capital del estado, se deslindaron de los hechos\nviolentos contra dicha comunidad con la que Agua Fr\u00eda Copala y Guadalupe Tilapa\nmantiene un antiguo conflicto de l\u00edmites.<\/p>\n\n\n\n<p>Tras el\nevento violento, la Guardia Nacional ingres\u00f3 a la comunidad de San Pedro,\nquienes sostienen que existi\u00f3 un ataque e intento de invasi\u00f3n de tierras.<\/p>\n\n\n\n<p>Los\nhabitantes triquis explicaron que los d\u00edas 11 y 16 de abril las partes\ninvolucradas se reunieron y acordaron la apertura de una brecha en el paraje de\n\u201cLoma de Cocina\u201d, motivo por el cual el MULTI envi\u00f3 un oficio citatorio a las\nautoridades de San Pedro Chayuco para el 10 de mayo a las 10:00 horas.<\/p>\n\n\n\n<p>Al no\nllegar sus vecinos, los pobladores comenzaron los trabajos, para lo cual\narribaron con machetes, palas, hachas, motosierras, entre otras herramientas,\ncuando comenz\u00f3 el ataque en el que perdi\u00f3 la vida un ciudadano y uno m\u00e1s\nresult\u00f3 herido.<\/p>\n\n\n\n<p>Sin\nembargo, la versi\u00f3n de las autoridades de San Pedro es que no existi\u00f3 tal\ncitatorio y por el contrario, ellos enviaron oficio para postergar la fecha\nhasta pasada la contingencia sanitaria y lo cual no respetaron la comunidades\ntriquis adheridas a las organizaciones.<\/p>\n\n\n\n<p>Los\nhabitantes de las comunidades triquis advirtieron que no permitir\u00e1n invasi\u00f3n a\nsus territorios, por lo que tambi\u00e9n exigieron justicia por el crimen e\nintervenci\u00f3n puntual de la Secretar\u00eda General de Gobierno.<\/p>\n","protected":false},"excerpt":{"rendered":"<p>Yuridiana Sosa\/Zona Roja. Oaxaca de Ju\u00e1rez, Oax., 25 de mayo de 2020.- Las organizaciones sociales&hellip;<\/p>\n","protected":false},"author":2,"featured_media":12867,"comment_status":"closed","ping_status":"open","sticky":false,"template":"","format":"standard","meta":{"_lmt_disableupdate":"","_lmt_disable":"","_jetpack_memberships_contains_paid_content":false,"footnotes":""},"categories":[109,47],"tags":[1695],"class_list":["post-12866","post","type-post","status-publish","format-standard","has-post-thumbnail","hentry","category-minuto-a-minuto","category-zona-gris","tag-san-pedro-chayuco"],"jetpack_featured_media_url":"https:\/\/zonaroja.com.mx\/wp-content\/uploads\/2020\/05\/MULTI-y-Ubisort.jpg","jetpack_sharing_enabled":true,"_links":{"self":[{"href":"https:\/\/zonaroja.com.mx\/index.php?rest_route=\/wp\/v2\/posts\/12866","targetHints":{"allow":["GET"]}}],"collection":[{"href":"https:\/\/zonaroja.com.mx\/index.php?rest_route=\/wp\/v2\/posts"}],"about":[{"href":"https:\/\/zonaroja.com.mx\/index.php?rest_route=\/wp\/v2\/types\/post"}],"author":[{"embeddable":true,"href":"https:\/\/zonaroja.com.mx\/index.php?rest_route=\/wp\/v2\/users\/2"}],"replies":[{"embeddable":true,"href":"https:\/\/zonaroja.com.mx\/index.php?rest_route=%2Fwp%2Fv2%2Fcomments&post=12866"}],"version-history":[{"count":1,"href":"https:\/\/zonaroja.com.mx\/index.php?rest_route=\/wp\/v2\/posts\/12866\/revisions"}],"predecessor-version":[{"id":12868,"href":"https:\/\/zonaroja.com.mx\/index.php?rest_route=\/wp\/v2\/posts\/12866\/revisions\/12868"}],"wp:featuredmedia":[{"embeddable":true,"href":"https:\/\/zonaroja.com.mx\/index.php?rest_route=\/wp\/v2\/media\/12867"}],"wp:attachment":[{"href":"https:\/\/zonaroja.com.mx\/index.php?rest_route=%2Fwp%2Fv2%2Fmedia&parent=12866"}],"wp:term":[{"taxonomy":"category","embeddable":true,"href":"https:\/\/zonaroja.com.mx\/index.php?rest_route=%2Fwp%2Fv2%2Fcategories&post=12866"},{"taxonomy":"post_tag","embeddable":true,"href":"https:\/\/zonaroja.com.mx\/index.php?rest_route=%2Fwp%2Fv2%2Ftags&post=12866"}],"curies":[{"name":"wp","href":"https:\/\/api.w.org\/{rel}","templated":true}]}}