{"id":12869,"date":"2020-05-25T18:19:27","date_gmt":"2020-05-25T23:19:27","guid":{"rendered":"http:\/\/www.zonaroja.com.mx\/?p=12869"},"modified":"2020-05-25T18:19:30","modified_gmt":"2020-05-25T23:19:30","slug":"en-cuarentena-el-hospital-regional-de-alta-especialidad-de-oaxaca","status":"publish","type":"post","link":"https:\/\/zonaroja.com.mx\/?p=12869","title":{"rendered":"En cuarentena, el Hospital Regional de Alta Especialidad de Oaxaca"},"content":{"rendered":"\n<p>Redacci\u00f3n\/Zona\nRoja.<\/p>\n\n\n\n<p>Oaxaca de\nJu\u00e1rez, Oax. 25 de mayo de 2020.- Debido a diversos casos de pacientes con\nCovid-19, as\u00ed como probables trabajadores infectados, una parte del Hospital\nRegional de Alta Especialidad se encuentra en cuarentena.<\/p>\n\n\n\n<p>En tanto,\nen entrevista telef\u00f3nica con Radio ORO, el gobernador Alejandro Murat Hinojosa\nadvirti\u00f3 que vienen las dos semanas m\u00e1s intensas de casos del nuevo\ncoronavirus.<\/p>\n\n\n\n<p>En un comunicado,\nel Gobierno del Estado precis\u00f3 que, como medida de cautela, una parte del\nHospital Regional &#8211;ubicado en San Bartolo Coyotepec\u2014\u201cse mantiene en cuarentena\npara protecci\u00f3n del personal m\u00e9dico y de los usuarios\u201d.<\/p>\n\n\n\n<p>Detall\u00f3\nque se activ\u00f3 el plan de se\u00f1alizaci\u00f3n de zonas de riesgo, para que la\nciudadan\u00eda identifique los lugares donde existe una mayor transmisi\u00f3n de la\nenfermedad y evite acercarse, o que, en caso de tener que hacerlo, tome las\nmedidas preventivas recomendadas.<\/p>\n\n\n\n<p>Estos\nanuncios ser\u00e1n colocados en lugares como mercados, transporte p\u00fablico y centros\nde venta de v\u00edveres, entre otros, con mensajes como \u201c\u00a1Alerta! Zona de alto\ncontagio\u201d, con el objetivo de que los oaxaque\u00f1os se resguarden en casa y que\nlas salidas indispensables para la compra de v\u00edveres las realice solo una\npersona por cada hogar.<\/p>\n\n\n\n<p>Explic\u00f3 tambi\u00e9n\nque al utilizar mascarillas de protecci\u00f3n de manera correcta y constante, se\nreduce en un 80% el riesgo de contagios de la patolog\u00eda respiratoria.<\/p>\n\n\n\n<p>Enfatiz\u00f3 que\nel estado cuenta con el 60% de capacidad hospitalaria para la atenci\u00f3n de\npersonas contagiadas por Covid-.19.<\/p>\n\n\n\n<p>Sin\nembargo, \u201cel mayor n\u00famero de camas ocupadas se encuentran en los nosocomios de\nlas zonas urbanas, en donde se ha concentrado el mayor n\u00famero de pacientes\u201d.<\/p>\n\n\n\n<p>Por ello,\ny ante el incremento de casos, principalmente en las Jurisdicciones Sanitarias\nde Valles Centrales y Tuxtepec, se coloc\u00f3 en las inmediaciones del nosocomio de\nla Mujer y el Ni\u00f1o Oaxaque\u00f1o, ubicado en Reyes Mantec\u00f3n, un hospital m\u00f3vil con\nla capacidad de 50 camas, lo cual requiri\u00f3 una inversi\u00f3n de aproximadamente 16\nmillones de pesos.<\/p>\n\n\n\n<p>Lo\nanterior, con el fin de reforzar la red de centros m\u00e9dicos de la ciudad de\nOaxaca y poder dar cobertura hospitalaria a los pacientes con diagn\u00f3stico de\ngravedad media o a quienes salgan de terapia intensiva y necesiten espacio para\nla recuperaci\u00f3n de manera aislada.<\/p>\n","protected":false},"excerpt":{"rendered":"<p>Redacci\u00f3n\/Zona Roja. Oaxaca de Ju\u00e1rez, Oax. 25 de mayo de 2020.- Debido a diversos casos&hellip;<\/p>\n","protected":false},"author":2,"featured_media":10393,"comment_status":"closed","ping_status":"open","sticky":false,"template":"","format":"standard","meta":{"_lmt_disableupdate":"","_lmt_disable":"","_jetpack_memberships_contains_paid_content":false,"footnotes":""},"categories":[109,47],"tags":[1572],"class_list":["post-12869","post","type-post","status-publish","format-standard","has-post-thumbnail","hentry","category-minuto-a-minuto","category-zona-gris","tag-hospital-regional-de-alta-especialidad-oaxaca"],"jetpack_featured_media_url":"https:\/\/zonaroja.com.mx\/wp-content\/uploads\/2020\/03\/Hospital-de-Especialidades-Oaxaca.png","jetpack_sharing_enabled":true,"_links":{"self":[{"href":"https:\/\/zonaroja.com.mx\/index.php?rest_route=\/wp\/v2\/posts\/12869","targetHints":{"allow":["GET"]}}],"collection":[{"href":"https:\/\/zonaroja.com.mx\/index.php?rest_route=\/wp\/v2\/posts"}],"about":[{"href":"https:\/\/zonaroja.com.mx\/index.php?rest_route=\/wp\/v2\/types\/post"}],"author":[{"embeddable":true,"href":"https:\/\/zonaroja.com.mx\/index.php?rest_route=\/wp\/v2\/users\/2"}],"replies":[{"embeddable":true,"href":"https:\/\/zonaroja.com.mx\/index.php?rest_route=%2Fwp%2Fv2%2Fcomments&post=12869"}],"version-history":[{"count":1,"href":"https:\/\/zonaroja.com.mx\/index.php?rest_route=\/wp\/v2\/posts\/12869\/revisions"}],"predecessor-version":[{"id":12870,"href":"https:\/\/zonaroja.com.mx\/index.php?rest_route=\/wp\/v2\/posts\/12869\/revisions\/12870"}],"wp:featuredmedia":[{"embeddable":true,"href":"https:\/\/zonaroja.com.mx\/index.php?rest_route=\/wp\/v2\/media\/10393"}],"wp:attachment":[{"href":"https:\/\/zonaroja.com.mx\/index.php?rest_route=%2Fwp%2Fv2%2Fmedia&parent=12869"}],"wp:term":[{"taxonomy":"category","embeddable":true,"href":"https:\/\/zonaroja.com.mx\/index.php?rest_route=%2Fwp%2Fv2%2Fcategories&post=12869"},{"taxonomy":"post_tag","embeddable":true,"href":"https:\/\/zonaroja.com.mx\/index.php?rest_route=%2Fwp%2Fv2%2Ftags&post=12869"}],"curies":[{"name":"wp","href":"https:\/\/api.w.org\/{rel}","templated":true}]}}